{"id":2590,"date":"2025-09-06T08:30:53","date_gmt":"2025-09-06T06:30:53","guid":{"rendered":"https:\/\/www.mireiaportero.com\/noticies\/educar-en-moviment-leducacio-fisica-com-a-escola-de-vida\/"},"modified":"2025-09-08T15:19:36","modified_gmt":"2025-09-08T13:19:36","slug":"educar-en-moviment-leducacio-fisica-com-a-escola-de-vida","status":"publish","type":"post","link":"https:\/\/www.mireiaportero.com\/ca\/educacio-fisica-i-cos-en-moviment\/educar-en-moviment-leducacio-fisica-com-a-escola-de-vida\/","title":{"rendered":"&#8220;Educar en moviment: l&#8217;Educaci\u00f3 F\u00edsica com a escola de vida&#8221;"},"content":{"rendered":"\n<h3 class=\"wp-block-heading\"><strong>Moviment que ensenya m\u00e9s que gestos t\u00e8cnics<\/strong><\/h3>\n\n<p>Cada activitat f\u00edsica \u00e9s una oportunitat per aprendre m\u00e9s enll\u00e0 del motriu. Quan un grup col\u00b7labora per superar un circuit o inventa una nova din\u00e0mica de joc, no nom\u00e9s est\u00e0 exercitant el cos: est\u00e0 entrenant <strong>creativitat, resoluci\u00f3 de problemes i pensament estrat\u00e8gic<\/strong> . <\/p>\n\n<h3 class=\"wp-block-heading\"><strong>L\u00b4Educaci\u00f3 F\u00edsica com a espai d\u00b4inclusi\u00f3<\/strong><\/h3>\n\n<p>Una classe de EF ben plantejada \u00e9s un lloc on tothom hi t\u00e9 cabuda. No importa l&#8217;habilitat inicial: sempre hi ha maneres de participar, adaptacions possibles i \u00e8xits per celebrar. L&#8217;objectiu no \u00e9s que tots corrin igual de r\u00e0pid, sin\u00f3 que <strong>cada estudiant trobi el seu lloc i senti que aporta al grup<\/strong> .  <\/p>\n\n<h3 class=\"wp-block-heading\"><strong>Cos i emoci\u00f3 van de la m\u00e0<\/strong><\/h3>\n\n<p>El moviment desperta emocions: l&#8217;alegria en aconseguir un repte, la frustraci\u00f3 d&#8217;una derrota, la satisfacci\u00f3 d&#8217;ajudar un company\/a. L&#8217;EF permet <strong>viure i gestionar aquestes emocions en un entorn segur<\/strong> , cosa que ajuda els alumnes a construir resili\u00e8ncia i autoestima. <\/p>\n\n<h3 class=\"wp-block-heading\"><strong>Aprendre a conviure jugant<\/strong><\/h3>\n\n<p>El joc a EF \u00e9s un espai privilegiat per aprendre valors: <strong>respectar regles, escoltar, cedir, animar, confiar, resoldre conflictes<\/strong> . S\u00f3n aprenentatges invisibles que despr\u00e9s apareixen en altres contextos: a l&#8217;aula, a casa, a la vida. <\/p>\n\n<h3 class=\"wp-block-heading\"><strong>Educar en moviment, educar per sempre<\/strong><\/h3>\n\n<p>Quan entenem l&#8217;Educaci\u00f3 F\u00edsica com alguna cosa m\u00e9s que \u201cc\u00f3rrer i jugar\u201d, descobrim que a cada din\u00e0mica hi ha una llavor de ciutadania. Perqu\u00e8 moure&#8217;s no \u00e9s nom\u00e9s q\u00fcesti\u00f3 de m\u00fasculs, sin\u00f3 <strong>aprendre a conviure, a expressar-se ia cr\u00e9ixer com a persona<\/strong> . <\/p>\n\n<p><em>Si t&#8217;interessa seguir la meva feina, t&#8217;invito a descobrir m\u00e9s a les meves xarxes socials:<\/em><a href=\"https:\/\/www.instagram.com\/mireiaportero5\"><em> <\/em><em>Instagram<\/em><\/a> <em>i<\/em><a href=\"https:\/\/www.linkedin.com\/in\/mireia-portero-aylagas-22114b270\/\"><em> <\/em><em>LinkedIn<\/em><\/a><\/p>\n","protected":false},"excerpt":{"rendered":"<p>L&#8217;Educaci\u00f3 F\u00edsica no \u00e9s un par\u00e8ntesi a l&#8217;horari ni un moment de desconnexi\u00f3 acad\u00e8mica. \u00c9s una assignatura amb un potencial enorme per formar persones completes: actives, cr\u00edtiques, col\u00b7laboratives i conscients del cos i les emocions. <\/p>\n","protected":false},"author":2,"featured_media":2591,"comment_status":"closed","ping_status":"closed","sticky":false,"template":"","format":"standard","meta":{"_acf_changed":false,"inline_featured_image":false,"footnotes":""},"categories":[59],"tags":[],"class_list":["post-2590","post","type-post","status-publish","format-standard","has-post-thumbnail","hentry","category-educacio-fisica-i-cos-en-moviment"],"acf":[],"yoast_head":"<!-- This site is optimized with the Yoast SEO plugin v27.5 - https:\/\/yoast.com\/product\/yoast-seo-wordpress\/ -->\n<title>\u25b7&quot;Educar en moviment: l&#039;Educaci\u00f3 F\u00edsica com a escola de vida&quot; - \u3010 Mireia Portero \u3011<\/title>\n<meta name=\"description\" content=\"L&#039;Educaci\u00f3 F\u00edsica no \u00e9s un par\u00e8ntesi a l&#039;horari ni un moment de desconnexi\u00f3 acad\u00e8mica. \u00c9s una assignatura amb un potencial enorme per formar persones completes: actives, cr\u00edtiques, col\u00b7laboratives i conscients del cos i les emocions. \u2713\" \/>\n<meta name=\"robots\" content=\"index, follow, max-snippet:-1, max-image-preview:large, max-video-preview:-1\" \/>\n<link rel=\"canonical\" href=\"https:\/\/www.mireiaportero.com\/ca\/educacio-fisica-i-cos-en-moviment\/educar-en-moviment-leducacio-fisica-com-a-escola-de-vida\/\" \/>\n<meta property=\"og:locale\" content=\"ca_ES\" \/>\n<meta property=\"og:type\" content=\"article\" \/>\n<meta property=\"og:title\" content=\"\u25b7&quot;Educar en moviment: l&#039;Educaci\u00f3 F\u00edsica com a escola de vida&quot; - \u3010 Mireia Portero \u3011\" \/>\n<meta property=\"og:description\" content=\"L&#039;Educaci\u00f3 F\u00edsica no \u00e9s un par\u00e8ntesi a l&#039;horari ni un moment de desconnexi\u00f3 acad\u00e8mica. \u00c9s una assignatura amb un potencial enorme per formar persones completes: actives, cr\u00edtiques, col\u00b7laboratives i conscients del cos i les emocions. \u2713\" \/>\n<meta property=\"og:url\" content=\"https:\/\/www.mireiaportero.com\/ca\/educacio-fisica-i-cos-en-moviment\/educar-en-moviment-leducacio-fisica-com-a-escola-de-vida\/\" \/>\n<meta property=\"og:site_name\" content=\"Mireia Portero\" \/>\n<meta property=\"article:published_time\" content=\"2025-09-06T06:30:53+00:00\" \/>\n<meta property=\"article:modified_time\" content=\"2025-09-08T13:19:36+00:00\" \/>\n<meta property=\"og:image\" content=\"https:\/\/www.mireiaportero.com\/wp-content\/uploads\/2025\/09\/pizarra-y-equipamiento-deportivo-en-el-fondo-de-papel-scaled.jpg\" \/>\n\t<meta property=\"og:image:width\" content=\"2560\" \/>\n\t<meta property=\"og:image:height\" content=\"1707\" \/>\n\t<meta property=\"og:image:type\" content=\"image\/jpeg\" \/>\n<meta name=\"author\" content=\"wwwarcelona\" \/>\n<meta name=\"twitter:card\" content=\"summary_large_image\" \/>\n<meta name=\"twitter:label1\" content=\"Escrit per\" \/>\n\t<meta name=\"twitter:data1\" content=\"wwwarcelona\" \/>\n\t<meta name=\"twitter:label2\" content=\"Temps estimat de lectura\" \/>\n\t<meta name=\"twitter:data2\" content=\"1 minut\" \/>\n<script type=\"application\/ld+json\" class=\"yoast-schema-graph\">{\"@context\":\"https:\\\/\\\/schema.org\",\"@graph\":[{\"@type\":\"Article\",\"@id\":\"https:\\\/\\\/www.mireiaportero.com\\\/ca\\\/educacio-fisica-i-cos-en-moviment\\\/educar-en-moviment-leducacio-fisica-com-a-escola-de-vida\\\/#article\",\"isPartOf\":{\"@id\":\"https:\\\/\\\/www.mireiaportero.com\\\/ca\\\/educacio-fisica-i-cos-en-moviment\\\/educar-en-moviment-leducacio-fisica-com-a-escola-de-vida\\\/\"},\"author\":{\"name\":\"wwwarcelona\",\"@id\":\"https:\\\/\\\/www.mireiaportero.com\\\/ca\\\/#\\\/schema\\\/person\\\/4ac62923df1adc1df8b8ec233f4b4015\"},\"headline\":\"&#8220;Educar en moviment: l&#8217;Educaci\u00f3 F\u00edsica com a escola de vida&#8221;\",\"datePublished\":\"2025-09-06T06:30:53+00:00\",\"dateModified\":\"2025-09-08T13:19:36+00:00\",\"mainEntityOfPage\":{\"@id\":\"https:\\\/\\\/www.mireiaportero.com\\\/ca\\\/educacio-fisica-i-cos-en-moviment\\\/educar-en-moviment-leducacio-fisica-com-a-escola-de-vida\\\/\"},\"wordCount\":307,\"image\":{\"@id\":\"https:\\\/\\\/www.mireiaportero.com\\\/ca\\\/educacio-fisica-i-cos-en-moviment\\\/educar-en-moviment-leducacio-fisica-com-a-escola-de-vida\\\/#primaryimage\"},\"thumbnailUrl\":\"https:\\\/\\\/www.mireiaportero.com\\\/wp-content\\\/uploads\\\/2025\\\/09\\\/pizarra-y-equipamiento-deportivo-en-el-fondo-de-papel-scaled.jpg\",\"articleSection\":[\"Educaci\u00f3 F\u00edsica i cos en moviment\"],\"inLanguage\":\"ca\"},{\"@type\":\"WebPage\",\"@id\":\"https:\\\/\\\/www.mireiaportero.com\\\/ca\\\/educacio-fisica-i-cos-en-moviment\\\/educar-en-moviment-leducacio-fisica-com-a-escola-de-vida\\\/\",\"url\":\"https:\\\/\\\/www.mireiaportero.com\\\/ca\\\/educacio-fisica-i-cos-en-moviment\\\/educar-en-moviment-leducacio-fisica-com-a-escola-de-vida\\\/\",\"name\":\"\u25b7\\\"Educar en moviment: l'Educaci\u00f3 F\u00edsica com a escola de vida\\\" - \u3010 Mireia Portero \u3011\",\"isPartOf\":{\"@id\":\"https:\\\/\\\/www.mireiaportero.com\\\/ca\\\/#website\"},\"primaryImageOfPage\":{\"@id\":\"https:\\\/\\\/www.mireiaportero.com\\\/ca\\\/educacio-fisica-i-cos-en-moviment\\\/educar-en-moviment-leducacio-fisica-com-a-escola-de-vida\\\/#primaryimage\"},\"image\":{\"@id\":\"https:\\\/\\\/www.mireiaportero.com\\\/ca\\\/educacio-fisica-i-cos-en-moviment\\\/educar-en-moviment-leducacio-fisica-com-a-escola-de-vida\\\/#primaryimage\"},\"thumbnailUrl\":\"https:\\\/\\\/www.mireiaportero.com\\\/wp-content\\\/uploads\\\/2025\\\/09\\\/pizarra-y-equipamiento-deportivo-en-el-fondo-de-papel-scaled.jpg\",\"datePublished\":\"2025-09-06T06:30:53+00:00\",\"dateModified\":\"2025-09-08T13:19:36+00:00\",\"author\":{\"@id\":\"https:\\\/\\\/www.mireiaportero.com\\\/ca\\\/#\\\/schema\\\/person\\\/4ac62923df1adc1df8b8ec233f4b4015\"},\"description\":\"L'Educaci\u00f3 F\u00edsica no \u00e9s un par\u00e8ntesi a l'horari ni un moment de desconnexi\u00f3 acad\u00e8mica. \u00c9s una assignatura amb un potencial enorme per formar persones completes: actives, cr\u00edtiques, col\u00b7laboratives i conscients del cos i les emocions. \u2713\",\"breadcrumb\":{\"@id\":\"https:\\\/\\\/www.mireiaportero.com\\\/ca\\\/educacio-fisica-i-cos-en-moviment\\\/educar-en-moviment-leducacio-fisica-com-a-escola-de-vida\\\/#breadcrumb\"},\"inLanguage\":\"ca\",\"potentialAction\":[{\"@type\":\"ReadAction\",\"target\":[\"https:\\\/\\\/www.mireiaportero.com\\\/ca\\\/educacio-fisica-i-cos-en-moviment\\\/educar-en-moviment-leducacio-fisica-com-a-escola-de-vida\\\/\"]}]},{\"@type\":\"ImageObject\",\"inLanguage\":\"ca\",\"@id\":\"https:\\\/\\\/www.mireiaportero.com\\\/ca\\\/educacio-fisica-i-cos-en-moviment\\\/educar-en-moviment-leducacio-fisica-com-a-escola-de-vida\\\/#primaryimage\",\"url\":\"https:\\\/\\\/www.mireiaportero.com\\\/wp-content\\\/uploads\\\/2025\\\/09\\\/pizarra-y-equipamiento-deportivo-en-el-fondo-de-papel-scaled.jpg\",\"contentUrl\":\"https:\\\/\\\/www.mireiaportero.com\\\/wp-content\\\/uploads\\\/2025\\\/09\\\/pizarra-y-equipamiento-deportivo-en-el-fondo-de-papel-scaled.jpg\",\"width\":2560,\"height\":1707},{\"@type\":\"BreadcrumbList\",\"@id\":\"https:\\\/\\\/www.mireiaportero.com\\\/ca\\\/educacio-fisica-i-cos-en-moviment\\\/educar-en-moviment-leducacio-fisica-com-a-escola-de-vida\\\/#breadcrumb\",\"itemListElement\":[{\"@type\":\"ListItem\",\"position\":1,\"name\":\"Portada\",\"item\":\"https:\\\/\\\/www.mireiaportero.com\\\/ca\\\/\"},{\"@type\":\"ListItem\",\"position\":2,\"name\":\"&#8220;Educar en moviment: l&#8217;Educaci\u00f3 F\u00edsica com a escola de vida&#8221;\"}]},{\"@type\":\"WebSite\",\"@id\":\"https:\\\/\\\/www.mireiaportero.com\\\/ca\\\/#website\",\"url\":\"https:\\\/\\\/www.mireiaportero.com\\\/ca\\\/\",\"name\":\"Mireia Portero\",\"description\":\"Educaci\u00f3n con sentido, desde dentro.\",\"potentialAction\":[{\"@type\":\"SearchAction\",\"target\":{\"@type\":\"EntryPoint\",\"urlTemplate\":\"https:\\\/\\\/www.mireiaportero.com\\\/ca\\\/?s={search_term_string}\"},\"query-input\":{\"@type\":\"PropertyValueSpecification\",\"valueRequired\":true,\"valueName\":\"search_term_string\"}}],\"inLanguage\":\"ca\"},{\"@type\":\"Person\",\"@id\":\"https:\\\/\\\/www.mireiaportero.com\\\/ca\\\/#\\\/schema\\\/person\\\/4ac62923df1adc1df8b8ec233f4b4015\",\"name\":\"wwwarcelona\",\"image\":{\"@type\":\"ImageObject\",\"inLanguage\":\"ca\",\"@id\":\"https:\\\/\\\/secure.gravatar.com\\\/avatar\\\/0c6819356538849544fe79abd31afb6f42861bbb96368a1f2151f9a226524dcd?s=96&d=mm&r=g\",\"url\":\"https:\\\/\\\/secure.gravatar.com\\\/avatar\\\/0c6819356538849544fe79abd31afb6f42861bbb96368a1f2151f9a226524dcd?s=96&d=mm&r=g\",\"contentUrl\":\"https:\\\/\\\/secure.gravatar.com\\\/avatar\\\/0c6819356538849544fe79abd31afb6f42861bbb96368a1f2151f9a226524dcd?s=96&d=mm&r=g\",\"caption\":\"wwwarcelona\"}}]}<\/script>\n<!-- \/ Yoast SEO plugin. -->","yoast_head_json":{"title":"\u25b7\"Educar en moviment: l'Educaci\u00f3 F\u00edsica com a escola de vida\" - \u3010 Mireia Portero \u3011","description":"L'Educaci\u00f3 F\u00edsica no \u00e9s un par\u00e8ntesi a l'horari ni un moment de desconnexi\u00f3 acad\u00e8mica. \u00c9s una assignatura amb un potencial enorme per formar persones completes: actives, cr\u00edtiques, col\u00b7laboratives i conscients del cos i les emocions. \u2713","robots":{"index":"index","follow":"follow","max-snippet":"max-snippet:-1","max-image-preview":"max-image-preview:large","max-video-preview":"max-video-preview:-1"},"canonical":"https:\/\/www.mireiaportero.com\/ca\/educacio-fisica-i-cos-en-moviment\/educar-en-moviment-leducacio-fisica-com-a-escola-de-vida\/","og_locale":"ca_ES","og_type":"article","og_title":"\u25b7\"Educar en moviment: l'Educaci\u00f3 F\u00edsica com a escola de vida\" - \u3010 Mireia Portero \u3011","og_description":"L'Educaci\u00f3 F\u00edsica no \u00e9s un par\u00e8ntesi a l'horari ni un moment de desconnexi\u00f3 acad\u00e8mica. \u00c9s una assignatura amb un potencial enorme per formar persones completes: actives, cr\u00edtiques, col\u00b7laboratives i conscients del cos i les emocions. \u2713","og_url":"https:\/\/www.mireiaportero.com\/ca\/educacio-fisica-i-cos-en-moviment\/educar-en-moviment-leducacio-fisica-com-a-escola-de-vida\/","og_site_name":"Mireia Portero","article_published_time":"2025-09-06T06:30:53+00:00","article_modified_time":"2025-09-08T13:19:36+00:00","og_image":[{"width":2560,"height":1707,"url":"https:\/\/www.mireiaportero.com\/wp-content\/uploads\/2025\/09\/pizarra-y-equipamiento-deportivo-en-el-fondo-de-papel-scaled.jpg","type":"image\/jpeg"}],"author":"wwwarcelona","twitter_card":"summary_large_image","twitter_misc":{"Escrit per":"wwwarcelona","Temps estimat de lectura":"1 minut"},"schema":{"@context":"https:\/\/schema.org","@graph":[{"@type":"Article","@id":"https:\/\/www.mireiaportero.com\/ca\/educacio-fisica-i-cos-en-moviment\/educar-en-moviment-leducacio-fisica-com-a-escola-de-vida\/#article","isPartOf":{"@id":"https:\/\/www.mireiaportero.com\/ca\/educacio-fisica-i-cos-en-moviment\/educar-en-moviment-leducacio-fisica-com-a-escola-de-vida\/"},"author":{"name":"wwwarcelona","@id":"https:\/\/www.mireiaportero.com\/ca\/#\/schema\/person\/4ac62923df1adc1df8b8ec233f4b4015"},"headline":"&#8220;Educar en moviment: l&#8217;Educaci\u00f3 F\u00edsica com a escola de vida&#8221;","datePublished":"2025-09-06T06:30:53+00:00","dateModified":"2025-09-08T13:19:36+00:00","mainEntityOfPage":{"@id":"https:\/\/www.mireiaportero.com\/ca\/educacio-fisica-i-cos-en-moviment\/educar-en-moviment-leducacio-fisica-com-a-escola-de-vida\/"},"wordCount":307,"image":{"@id":"https:\/\/www.mireiaportero.com\/ca\/educacio-fisica-i-cos-en-moviment\/educar-en-moviment-leducacio-fisica-com-a-escola-de-vida\/#primaryimage"},"thumbnailUrl":"https:\/\/www.mireiaportero.com\/wp-content\/uploads\/2025\/09\/pizarra-y-equipamiento-deportivo-en-el-fondo-de-papel-scaled.jpg","articleSection":["Educaci\u00f3 F\u00edsica i cos en moviment"],"inLanguage":"ca"},{"@type":"WebPage","@id":"https:\/\/www.mireiaportero.com\/ca\/educacio-fisica-i-cos-en-moviment\/educar-en-moviment-leducacio-fisica-com-a-escola-de-vida\/","url":"https:\/\/www.mireiaportero.com\/ca\/educacio-fisica-i-cos-en-moviment\/educar-en-moviment-leducacio-fisica-com-a-escola-de-vida\/","name":"\u25b7\"Educar en moviment: l'Educaci\u00f3 F\u00edsica com a escola de vida\" - \u3010 Mireia Portero \u3011","isPartOf":{"@id":"https:\/\/www.mireiaportero.com\/ca\/#website"},"primaryImageOfPage":{"@id":"https:\/\/www.mireiaportero.com\/ca\/educacio-fisica-i-cos-en-moviment\/educar-en-moviment-leducacio-fisica-com-a-escola-de-vida\/#primaryimage"},"image":{"@id":"https:\/\/www.mireiaportero.com\/ca\/educacio-fisica-i-cos-en-moviment\/educar-en-moviment-leducacio-fisica-com-a-escola-de-vida\/#primaryimage"},"thumbnailUrl":"https:\/\/www.mireiaportero.com\/wp-content\/uploads\/2025\/09\/pizarra-y-equipamiento-deportivo-en-el-fondo-de-papel-scaled.jpg","datePublished":"2025-09-06T06:30:53+00:00","dateModified":"2025-09-08T13:19:36+00:00","author":{"@id":"https:\/\/www.mireiaportero.com\/ca\/#\/schema\/person\/4ac62923df1adc1df8b8ec233f4b4015"},"description":"L'Educaci\u00f3 F\u00edsica no \u00e9s un par\u00e8ntesi a l'horari ni un moment de desconnexi\u00f3 acad\u00e8mica. \u00c9s una assignatura amb un potencial enorme per formar persones completes: actives, cr\u00edtiques, col\u00b7laboratives i conscients del cos i les emocions. \u2713","breadcrumb":{"@id":"https:\/\/www.mireiaportero.com\/ca\/educacio-fisica-i-cos-en-moviment\/educar-en-moviment-leducacio-fisica-com-a-escola-de-vida\/#breadcrumb"},"inLanguage":"ca","potentialAction":[{"@type":"ReadAction","target":["https:\/\/www.mireiaportero.com\/ca\/educacio-fisica-i-cos-en-moviment\/educar-en-moviment-leducacio-fisica-com-a-escola-de-vida\/"]}]},{"@type":"ImageObject","inLanguage":"ca","@id":"https:\/\/www.mireiaportero.com\/ca\/educacio-fisica-i-cos-en-moviment\/educar-en-moviment-leducacio-fisica-com-a-escola-de-vida\/#primaryimage","url":"https:\/\/www.mireiaportero.com\/wp-content\/uploads\/2025\/09\/pizarra-y-equipamiento-deportivo-en-el-fondo-de-papel-scaled.jpg","contentUrl":"https:\/\/www.mireiaportero.com\/wp-content\/uploads\/2025\/09\/pizarra-y-equipamiento-deportivo-en-el-fondo-de-papel-scaled.jpg","width":2560,"height":1707},{"@type":"BreadcrumbList","@id":"https:\/\/www.mireiaportero.com\/ca\/educacio-fisica-i-cos-en-moviment\/educar-en-moviment-leducacio-fisica-com-a-escola-de-vida\/#breadcrumb","itemListElement":[{"@type":"ListItem","position":1,"name":"Portada","item":"https:\/\/www.mireiaportero.com\/ca\/"},{"@type":"ListItem","position":2,"name":"&#8220;Educar en moviment: l&#8217;Educaci\u00f3 F\u00edsica com a escola de vida&#8221;"}]},{"@type":"WebSite","@id":"https:\/\/www.mireiaportero.com\/ca\/#website","url":"https:\/\/www.mireiaportero.com\/ca\/","name":"Mireia Portero","description":"Educaci\u00f3n con sentido, desde dentro.","potentialAction":[{"@type":"SearchAction","target":{"@type":"EntryPoint","urlTemplate":"https:\/\/www.mireiaportero.com\/ca\/?s={search_term_string}"},"query-input":{"@type":"PropertyValueSpecification","valueRequired":true,"valueName":"search_term_string"}}],"inLanguage":"ca"},{"@type":"Person","@id":"https:\/\/www.mireiaportero.com\/ca\/#\/schema\/person\/4ac62923df1adc1df8b8ec233f4b4015","name":"wwwarcelona","image":{"@type":"ImageObject","inLanguage":"ca","@id":"https:\/\/secure.gravatar.com\/avatar\/0c6819356538849544fe79abd31afb6f42861bbb96368a1f2151f9a226524dcd?s=96&d=mm&r=g","url":"https:\/\/secure.gravatar.com\/avatar\/0c6819356538849544fe79abd31afb6f42861bbb96368a1f2151f9a226524dcd?s=96&d=mm&r=g","contentUrl":"https:\/\/secure.gravatar.com\/avatar\/0c6819356538849544fe79abd31afb6f42861bbb96368a1f2151f9a226524dcd?s=96&d=mm&r=g","caption":"wwwarcelona"}}]}},"_links":{"self":[{"href":"https:\/\/www.mireiaportero.com\/ca\/wp-json\/wp\/v2\/posts\/2590","targetHints":{"allow":["GET"]}}],"collection":[{"href":"https:\/\/www.mireiaportero.com\/ca\/wp-json\/wp\/v2\/posts"}],"about":[{"href":"https:\/\/www.mireiaportero.com\/ca\/wp-json\/wp\/v2\/types\/post"}],"author":[{"embeddable":true,"href":"https:\/\/www.mireiaportero.com\/ca\/wp-json\/wp\/v2\/users\/2"}],"replies":[{"embeddable":true,"href":"https:\/\/www.mireiaportero.com\/ca\/wp-json\/wp\/v2\/comments?post=2590"}],"version-history":[{"count":1,"href":"https:\/\/www.mireiaportero.com\/ca\/wp-json\/wp\/v2\/posts\/2590\/revisions"}],"predecessor-version":[{"id":2592,"href":"https:\/\/www.mireiaportero.com\/ca\/wp-json\/wp\/v2\/posts\/2590\/revisions\/2592"}],"wp:featuredmedia":[{"embeddable":true,"href":"https:\/\/www.mireiaportero.com\/ca\/wp-json\/wp\/v2\/media\/2591"}],"wp:attachment":[{"href":"https:\/\/www.mireiaportero.com\/ca\/wp-json\/wp\/v2\/media?parent=2590"}],"wp:term":[{"taxonomy":"category","embeddable":true,"href":"https:\/\/www.mireiaportero.com\/ca\/wp-json\/wp\/v2\/categories?post=2590"},{"taxonomy":"post_tag","embeddable":true,"href":"https:\/\/www.mireiaportero.com\/ca\/wp-json\/wp\/v2\/tags?post=2590"}],"curies":[{"name":"wp","href":"https:\/\/api.w.org\/{rel}","templated":true}]}}