{"id":2637,"date":"2025-02-08T12:12:48","date_gmt":"2025-02-08T11:12:48","guid":{"rendered":"https:\/\/www.mireiaportero.com\/noticies\/ensenyar-formar-aprendre-allo-que-mensenya-laula-cada-dia\/"},"modified":"2025-09-08T15:44:53","modified_gmt":"2025-09-08T13:44:53","slug":"ensenyar-formar-aprendre-allo-que-mensenya-laula-cada-dia","status":"publish","type":"post","link":"https:\/\/www.mireiaportero.com\/ca\/desenvolupament-personal-i-docent\/ensenyar-formar-aprendre-allo-que-mensenya-laula-cada-dia\/","title":{"rendered":"Ensenyar, formar, aprendre: all\u00f2 que m&#8217;ensenya l&#8217;aula cada dia"},"content":{"rendered":"\n<h3 class=\"wp-block-heading\"><strong>Ensenyar em mant\u00e9 connectada<\/strong><\/h3>\n\n<p>Seguir a l&#8217;aula \u00e9s la meva manera de no desconnectar-me del que \u00e9s essencial. De saber com se sent un dilluns a les 9.30 quan el grup no respon. O com se t&#8217;il\u00b7luminen els ulls quan un projecte cobra vida.<br\/> La innovaci\u00f3 no \u00e9s un producte perfecte. <strong>\u00c9s un proc\u00e9s.<\/strong> I moltes vegades \u00e9s ca\u00f2tic, cansat, frustrant\u2026 per\u00f2 tamb\u00e9 meravell\u00f3s.  <\/p>\n\n<p>Cada cop que provo una din\u00e0mica nova, una eina o una proposta que he compartit en una formaci\u00f3, ho faig <strong>amb la humilitat de qui sap que no sempre sortir\u00e0 b\u00e9.<\/strong> Per\u00f2 tamb\u00e9 amb la convicci\u00f3 que cada intent suma.<\/p>\n\n<h3 class=\"wp-block-heading\"><strong>Formar altres des de l&#8217;experi\u00e8ncia<\/strong><\/h3>\n\n<p>Quan acompanyo docents en formacions sobre compet\u00e8ncia digital, ABP o gamificaci\u00f3, no ho faig des d&#8217;una posici\u00f3 de \u201cexperta que ho sap tot\u201d. Ho faig com alg\u00fa que <strong>tamb\u00e9 \u00e9s a l&#8217;aula, tamb\u00e9 improvisa, tamb\u00e9 dubta.<\/strong> <strong><br\/><\/strong>Aix\u00f2 marca la difer\u00e8ncia. Perqu\u00e8 parlo des de la pr\u00e0ctica, no des de la dist\u00e0ncia. <\/p>\n\n<p>Els puc dir: \u201cAix\u00f2 ho vaig provar amb el meu grup i no va funcionar del tot perqu\u00e8&#8230;\u201d. O: \u201cAquesta part va ser m\u00e0gica, i crec que al vostre alumnat tamb\u00e9 li encantaria.\u201d<br\/> I aqu\u00ed neix la connexi\u00f3: a l&#8217;honestedat de saber-nos tots en cam\u00ed. <\/p>\n\n<h3 class=\"wp-block-heading\"><strong>Innovar \u00e9s ajustar, no impressionar<\/strong><\/h3>\n\n<p>De vegades pensem que innovar \u00e9s fer una cosa espectacular, amb molta tecnologia o grans projectes. Per\u00f2 la veritable innovaci\u00f3 moltes vegades \u00e9s m\u00e9s senzilla: <strong>escoltar-ne m\u00e9s, adaptar millor, deixar espai perqu\u00e8 l&#8217;alumnat prengui decisions.<\/strong> <strong><br\/><\/strong>He apr\u00e8s que no necessito tenir-ho tot perfecte per transformar. Que provar, ajustar i tornar a intentar tamb\u00e9 \u00e9s part del proc\u00e9s. <\/p>\n\n<p>I sobretot, que <strong>no hi ha una \u00fanica manera de fer les coses b\u00e9.<\/strong> Cada grup, cada docent, cada context necessita el seu cam\u00ed.<\/p>\n\n<h3 class=\"wp-block-heading\"><strong>Aprendre&#8217;n<\/strong><\/h3>\n\n<p>Hi ha dies en qu\u00e8 una pregunta d&#8217;un nen o una reacci\u00f3 inesperada d&#8217;un grup em fa m\u00e9s que qualsevol llibre o curs. L&#8217;aula \u00e9s la meva br\u00faixola.   <strong>Em recorda perqu\u00e8 faig el que faig.<\/strong><\/p>\n\n<p>Formar docents em fa cr\u00e9ixer. Per\u00f2 ensenyar cada dia \u00e9s all\u00f2 que em d\u00f3na perspectiva, humilitat i prop\u00f2sit.<br\/> Perqu\u00e8 no es tracta de ser la millor en alguna cosa. Es tracta de <strong>seguir aprenent amb els altres i gr\u00e0cies als altres.<\/strong>  <\/p>\n\n<p><em>Perqu\u00e8 ensenyar i formar no s\u00f3n rols oposats. S\u00f3n parts d&#8217;una mateixa vocaci\u00f3: creure que l&#8217;educaci\u00f3 pot canviar vides. Comen\u00e7ant per la teva.  <\/em><\/p>\n\n<p>Les meves reflexions tamb\u00e9 estan recollides a <a href=\"https:\/\/scholar.google.com\/citations?user=NIHKtVQAAAAJ\">Google Scholar<\/a> i <a href=\"https:\/\/orcid.org\/0009-0004-0623-2993\">ORCID<\/a> .<\/p>\n","protected":false},"excerpt":{"rendered":"<p>Podria parlar-te de metodologies actives, de tecnologia, de gamificaci\u00f3 o de projectes. Per\u00f2 avui et vull explicar una mica m\u00e9s simple i m\u00e9s real: que segueixo aprenent cada dia fent classe.<br \/>\n S\u00ed, s\u00f3c formadora, imparteixo cursos, acompanyo docents en processos d&#8217;innovaci\u00f3\u2026 per\u00f2 res d&#8217;aix\u00f2 no tindria sentit si no continu\u00e9s sent mestra. Perqu\u00e8 \u00e9s a l&#8217;aula on tot es posa a prova, on el que \u00e9s bonic de la teoria s&#8217;enfronta al ritme, a les emocions, al grup, a l&#8217;inesperat.  <\/p>\n","protected":false},"author":2,"featured_media":2639,"comment_status":"closed","ping_status":"closed","sticky":false,"template":"","format":"standard","meta":{"_acf_changed":false,"inline_featured_image":false,"footnotes":""},"categories":[55],"tags":[],"class_list":["post-2637","post","type-post","status-publish","format-standard","has-post-thumbnail","hentry","category-desenvolupament-personal-i-docent"],"acf":[],"yoast_head":"<!-- This site is optimized with the Yoast SEO plugin v27.5 - https:\/\/yoast.com\/product\/yoast-seo-wordpress\/ -->\n<title>\u25b7Ensenyar, formar, aprendre: all\u00f2 que m&#039;ensenya l&#039;aula cada dia - \u3010 Mireia Portero \u3011<\/title>\n<meta name=\"description\" content=\"Podria parlar-te de metodologies actives, de tecnologia, de gamificaci\u00f3 o de projectes. Per\u00f2 avui et vull explicar una mica m\u00e9s simple i m\u00e9s real: que segueixo aprenent cada dia fent classe. S\u00ed, s\u00f3c formadora, imparteixo cursos, acompanyo docents en processos d&#039;innovaci\u00f3\u2026 per\u00f2 res d&#039;aix\u00f2 no tindria sentit si no continu\u00e9s sent mestra. Perqu\u00e8 \u00e9s a l&#039;aula on tot es posa a prova, on el que \u00e9s bonic de la teoria s&#039;enfronta al ritme, a les emocions, al grup, a l&#039;inesperat. \u2713\" \/>\n<meta name=\"robots\" content=\"index, follow, max-snippet:-1, max-image-preview:large, max-video-preview:-1\" \/>\n<link rel=\"canonical\" href=\"https:\/\/www.mireiaportero.com\/ca\/desenvolupament-personal-i-docent\/ensenyar-formar-aprendre-allo-que-mensenya-laula-cada-dia\/\" \/>\n<meta property=\"og:locale\" content=\"ca_ES\" \/>\n<meta property=\"og:type\" content=\"article\" \/>\n<meta property=\"og:title\" content=\"\u25b7Ensenyar, formar, aprendre: all\u00f2 que m&#039;ensenya l&#039;aula cada dia - \u3010 Mireia Portero \u3011\" \/>\n<meta property=\"og:description\" content=\"Podria parlar-te de metodologies actives, de tecnologia, de gamificaci\u00f3 o de projectes. Per\u00f2 avui et vull explicar una mica m\u00e9s simple i m\u00e9s real: que segueixo aprenent cada dia fent classe. S\u00ed, s\u00f3c formadora, imparteixo cursos, acompanyo docents en processos d&#039;innovaci\u00f3\u2026 per\u00f2 res d&#039;aix\u00f2 no tindria sentit si no continu\u00e9s sent mestra. Perqu\u00e8 \u00e9s a l&#039;aula on tot es posa a prova, on el que \u00e9s bonic de la teoria s&#039;enfronta al ritme, a les emocions, al grup, a l&#039;inesperat. \u2713\" \/>\n<meta property=\"og:url\" content=\"https:\/\/www.mireiaportero.com\/ca\/desenvolupament-personal-i-docent\/ensenyar-formar-aprendre-allo-que-mensenya-laula-cada-dia\/\" \/>\n<meta property=\"og:site_name\" content=\"Mireia Portero\" \/>\n<meta property=\"article:published_time\" content=\"2025-02-08T11:12:48+00:00\" \/>\n<meta property=\"article:modified_time\" content=\"2025-09-08T13:44:53+00:00\" \/>\n<meta property=\"og:image\" content=\"https:\/\/www.mireiaportero.com\/wp-content\/uploads\/2025\/09\/6.-Foto-articulo-6-1024x683.jpg\" \/>\n\t<meta property=\"og:image:width\" content=\"1024\" \/>\n\t<meta property=\"og:image:height\" content=\"683\" \/>\n\t<meta property=\"og:image:type\" content=\"image\/jpeg\" \/>\n<meta name=\"author\" content=\"wwwarcelona\" \/>\n<meta name=\"twitter:card\" content=\"summary_large_image\" \/>\n<meta name=\"twitter:label1\" content=\"Escrit per\" \/>\n\t<meta name=\"twitter:data1\" content=\"wwwarcelona\" \/>\n\t<meta name=\"twitter:label2\" content=\"Temps estimat de lectura\" \/>\n\t<meta name=\"twitter:data2\" content=\"2 minuts\" \/>\n<script type=\"application\/ld+json\" class=\"yoast-schema-graph\">{\"@context\":\"https:\\\/\\\/schema.org\",\"@graph\":[{\"@type\":\"Article\",\"@id\":\"https:\\\/\\\/www.mireiaportero.com\\\/ca\\\/desenvolupament-personal-i-docent\\\/ensenyar-formar-aprendre-allo-que-mensenya-laula-cada-dia\\\/#article\",\"isPartOf\":{\"@id\":\"https:\\\/\\\/www.mireiaportero.com\\\/ca\\\/desenvolupament-personal-i-docent\\\/ensenyar-formar-aprendre-allo-que-mensenya-laula-cada-dia\\\/\"},\"author\":{\"name\":\"wwwarcelona\",\"@id\":\"https:\\\/\\\/www.mireiaportero.com\\\/ca\\\/#\\\/schema\\\/person\\\/4ac62923df1adc1df8b8ec233f4b4015\"},\"headline\":\"Ensenyar, formar, aprendre: all\u00f2 que m&#8217;ensenya l&#8217;aula cada dia\",\"datePublished\":\"2025-02-08T11:12:48+00:00\",\"dateModified\":\"2025-09-08T13:44:53+00:00\",\"mainEntityOfPage\":{\"@id\":\"https:\\\/\\\/www.mireiaportero.com\\\/ca\\\/desenvolupament-personal-i-docent\\\/ensenyar-formar-aprendre-allo-que-mensenya-laula-cada-dia\\\/\"},\"wordCount\":449,\"image\":{\"@id\":\"https:\\\/\\\/www.mireiaportero.com\\\/ca\\\/desenvolupament-personal-i-docent\\\/ensenyar-formar-aprendre-allo-que-mensenya-laula-cada-dia\\\/#primaryimage\"},\"thumbnailUrl\":\"https:\\\/\\\/www.mireiaportero.com\\\/wp-content\\\/uploads\\\/2025\\\/09\\\/6.-Foto-articulo-6.jpg\",\"articleSection\":[\"Desenvolupament personal i docent\"],\"inLanguage\":\"ca\"},{\"@type\":\"WebPage\",\"@id\":\"https:\\\/\\\/www.mireiaportero.com\\\/ca\\\/desenvolupament-personal-i-docent\\\/ensenyar-formar-aprendre-allo-que-mensenya-laula-cada-dia\\\/\",\"url\":\"https:\\\/\\\/www.mireiaportero.com\\\/ca\\\/desenvolupament-personal-i-docent\\\/ensenyar-formar-aprendre-allo-que-mensenya-laula-cada-dia\\\/\",\"name\":\"\u25b7Ensenyar, formar, aprendre: all\u00f2 que m'ensenya l'aula cada dia - \u3010 Mireia Portero \u3011\",\"isPartOf\":{\"@id\":\"https:\\\/\\\/www.mireiaportero.com\\\/ca\\\/#website\"},\"primaryImageOfPage\":{\"@id\":\"https:\\\/\\\/www.mireiaportero.com\\\/ca\\\/desenvolupament-personal-i-docent\\\/ensenyar-formar-aprendre-allo-que-mensenya-laula-cada-dia\\\/#primaryimage\"},\"image\":{\"@id\":\"https:\\\/\\\/www.mireiaportero.com\\\/ca\\\/desenvolupament-personal-i-docent\\\/ensenyar-formar-aprendre-allo-que-mensenya-laula-cada-dia\\\/#primaryimage\"},\"thumbnailUrl\":\"https:\\\/\\\/www.mireiaportero.com\\\/wp-content\\\/uploads\\\/2025\\\/09\\\/6.-Foto-articulo-6.jpg\",\"datePublished\":\"2025-02-08T11:12:48+00:00\",\"dateModified\":\"2025-09-08T13:44:53+00:00\",\"author\":{\"@id\":\"https:\\\/\\\/www.mireiaportero.com\\\/ca\\\/#\\\/schema\\\/person\\\/4ac62923df1adc1df8b8ec233f4b4015\"},\"description\":\"Podria parlar-te de metodologies actives, de tecnologia, de gamificaci\u00f3 o de projectes. Per\u00f2 avui et vull explicar una mica m\u00e9s simple i m\u00e9s real: que segueixo aprenent cada dia fent classe. S\u00ed, s\u00f3c formadora, imparteixo cursos, acompanyo docents en processos d'innovaci\u00f3\u2026 per\u00f2 res d'aix\u00f2 no tindria sentit si no continu\u00e9s sent mestra. Perqu\u00e8 \u00e9s a l'aula on tot es posa a prova, on el que \u00e9s bonic de la teoria s'enfronta al ritme, a les emocions, al grup, a l'inesperat. \u2713\",\"breadcrumb\":{\"@id\":\"https:\\\/\\\/www.mireiaportero.com\\\/ca\\\/desenvolupament-personal-i-docent\\\/ensenyar-formar-aprendre-allo-que-mensenya-laula-cada-dia\\\/#breadcrumb\"},\"inLanguage\":\"ca\",\"potentialAction\":[{\"@type\":\"ReadAction\",\"target\":[\"https:\\\/\\\/www.mireiaportero.com\\\/ca\\\/desenvolupament-personal-i-docent\\\/ensenyar-formar-aprendre-allo-que-mensenya-laula-cada-dia\\\/\"]}]},{\"@type\":\"ImageObject\",\"inLanguage\":\"ca\",\"@id\":\"https:\\\/\\\/www.mireiaportero.com\\\/ca\\\/desenvolupament-personal-i-docent\\\/ensenyar-formar-aprendre-allo-que-mensenya-laula-cada-dia\\\/#primaryimage\",\"url\":\"https:\\\/\\\/www.mireiaportero.com\\\/wp-content\\\/uploads\\\/2025\\\/09\\\/6.-Foto-articulo-6.jpg\",\"contentUrl\":\"https:\\\/\\\/www.mireiaportero.com\\\/wp-content\\\/uploads\\\/2025\\\/09\\\/6.-Foto-articulo-6.jpg\",\"width\":7900,\"height\":5267},{\"@type\":\"BreadcrumbList\",\"@id\":\"https:\\\/\\\/www.mireiaportero.com\\\/ca\\\/desenvolupament-personal-i-docent\\\/ensenyar-formar-aprendre-allo-que-mensenya-laula-cada-dia\\\/#breadcrumb\",\"itemListElement\":[{\"@type\":\"ListItem\",\"position\":1,\"name\":\"Portada\",\"item\":\"https:\\\/\\\/www.mireiaportero.com\\\/ca\\\/\"},{\"@type\":\"ListItem\",\"position\":2,\"name\":\"Ensenyar, formar, aprendre: all\u00f2 que m&#8217;ensenya l&#8217;aula cada dia\"}]},{\"@type\":\"WebSite\",\"@id\":\"https:\\\/\\\/www.mireiaportero.com\\\/ca\\\/#website\",\"url\":\"https:\\\/\\\/www.mireiaportero.com\\\/ca\\\/\",\"name\":\"Mireia Portero\",\"description\":\"Educaci\u00f3n con sentido, desde dentro.\",\"potentialAction\":[{\"@type\":\"SearchAction\",\"target\":{\"@type\":\"EntryPoint\",\"urlTemplate\":\"https:\\\/\\\/www.mireiaportero.com\\\/ca\\\/?s={search_term_string}\"},\"query-input\":{\"@type\":\"PropertyValueSpecification\",\"valueRequired\":true,\"valueName\":\"search_term_string\"}}],\"inLanguage\":\"ca\"},{\"@type\":\"Person\",\"@id\":\"https:\\\/\\\/www.mireiaportero.com\\\/ca\\\/#\\\/schema\\\/person\\\/4ac62923df1adc1df8b8ec233f4b4015\",\"name\":\"wwwarcelona\",\"image\":{\"@type\":\"ImageObject\",\"inLanguage\":\"ca\",\"@id\":\"https:\\\/\\\/secure.gravatar.com\\\/avatar\\\/0c6819356538849544fe79abd31afb6f42861bbb96368a1f2151f9a226524dcd?s=96&d=mm&r=g\",\"url\":\"https:\\\/\\\/secure.gravatar.com\\\/avatar\\\/0c6819356538849544fe79abd31afb6f42861bbb96368a1f2151f9a226524dcd?s=96&d=mm&r=g\",\"contentUrl\":\"https:\\\/\\\/secure.gravatar.com\\\/avatar\\\/0c6819356538849544fe79abd31afb6f42861bbb96368a1f2151f9a226524dcd?s=96&d=mm&r=g\",\"caption\":\"wwwarcelona\"}}]}<\/script>\n<!-- \/ Yoast SEO plugin. -->","yoast_head_json":{"title":"\u25b7Ensenyar, formar, aprendre: all\u00f2 que m'ensenya l'aula cada dia - \u3010 Mireia Portero \u3011","description":"Podria parlar-te de metodologies actives, de tecnologia, de gamificaci\u00f3 o de projectes. Per\u00f2 avui et vull explicar una mica m\u00e9s simple i m\u00e9s real: que segueixo aprenent cada dia fent classe. S\u00ed, s\u00f3c formadora, imparteixo cursos, acompanyo docents en processos d'innovaci\u00f3\u2026 per\u00f2 res d'aix\u00f2 no tindria sentit si no continu\u00e9s sent mestra. Perqu\u00e8 \u00e9s a l'aula on tot es posa a prova, on el que \u00e9s bonic de la teoria s'enfronta al ritme, a les emocions, al grup, a l'inesperat. \u2713","robots":{"index":"index","follow":"follow","max-snippet":"max-snippet:-1","max-image-preview":"max-image-preview:large","max-video-preview":"max-video-preview:-1"},"canonical":"https:\/\/www.mireiaportero.com\/ca\/desenvolupament-personal-i-docent\/ensenyar-formar-aprendre-allo-que-mensenya-laula-cada-dia\/","og_locale":"ca_ES","og_type":"article","og_title":"\u25b7Ensenyar, formar, aprendre: all\u00f2 que m'ensenya l'aula cada dia - \u3010 Mireia Portero \u3011","og_description":"Podria parlar-te de metodologies actives, de tecnologia, de gamificaci\u00f3 o de projectes. Per\u00f2 avui et vull explicar una mica m\u00e9s simple i m\u00e9s real: que segueixo aprenent cada dia fent classe. S\u00ed, s\u00f3c formadora, imparteixo cursos, acompanyo docents en processos d'innovaci\u00f3\u2026 per\u00f2 res d'aix\u00f2 no tindria sentit si no continu\u00e9s sent mestra. Perqu\u00e8 \u00e9s a l'aula on tot es posa a prova, on el que \u00e9s bonic de la teoria s'enfronta al ritme, a les emocions, al grup, a l'inesperat. \u2713","og_url":"https:\/\/www.mireiaportero.com\/ca\/desenvolupament-personal-i-docent\/ensenyar-formar-aprendre-allo-que-mensenya-laula-cada-dia\/","og_site_name":"Mireia Portero","article_published_time":"2025-02-08T11:12:48+00:00","article_modified_time":"2025-09-08T13:44:53+00:00","og_image":[{"width":1024,"height":683,"url":"https:\/\/www.mireiaportero.com\/wp-content\/uploads\/2025\/09\/6.-Foto-articulo-6-1024x683.jpg","type":"image\/jpeg"}],"author":"wwwarcelona","twitter_card":"summary_large_image","twitter_misc":{"Escrit per":"wwwarcelona","Temps estimat de lectura":"2 minuts"},"schema":{"@context":"https:\/\/schema.org","@graph":[{"@type":"Article","@id":"https:\/\/www.mireiaportero.com\/ca\/desenvolupament-personal-i-docent\/ensenyar-formar-aprendre-allo-que-mensenya-laula-cada-dia\/#article","isPartOf":{"@id":"https:\/\/www.mireiaportero.com\/ca\/desenvolupament-personal-i-docent\/ensenyar-formar-aprendre-allo-que-mensenya-laula-cada-dia\/"},"author":{"name":"wwwarcelona","@id":"https:\/\/www.mireiaportero.com\/ca\/#\/schema\/person\/4ac62923df1adc1df8b8ec233f4b4015"},"headline":"Ensenyar, formar, aprendre: all\u00f2 que m&#8217;ensenya l&#8217;aula cada dia","datePublished":"2025-02-08T11:12:48+00:00","dateModified":"2025-09-08T13:44:53+00:00","mainEntityOfPage":{"@id":"https:\/\/www.mireiaportero.com\/ca\/desenvolupament-personal-i-docent\/ensenyar-formar-aprendre-allo-que-mensenya-laula-cada-dia\/"},"wordCount":449,"image":{"@id":"https:\/\/www.mireiaportero.com\/ca\/desenvolupament-personal-i-docent\/ensenyar-formar-aprendre-allo-que-mensenya-laula-cada-dia\/#primaryimage"},"thumbnailUrl":"https:\/\/www.mireiaportero.com\/wp-content\/uploads\/2025\/09\/6.-Foto-articulo-6.jpg","articleSection":["Desenvolupament personal i docent"],"inLanguage":"ca"},{"@type":"WebPage","@id":"https:\/\/www.mireiaportero.com\/ca\/desenvolupament-personal-i-docent\/ensenyar-formar-aprendre-allo-que-mensenya-laula-cada-dia\/","url":"https:\/\/www.mireiaportero.com\/ca\/desenvolupament-personal-i-docent\/ensenyar-formar-aprendre-allo-que-mensenya-laula-cada-dia\/","name":"\u25b7Ensenyar, formar, aprendre: all\u00f2 que m'ensenya l'aula cada dia - \u3010 Mireia Portero \u3011","isPartOf":{"@id":"https:\/\/www.mireiaportero.com\/ca\/#website"},"primaryImageOfPage":{"@id":"https:\/\/www.mireiaportero.com\/ca\/desenvolupament-personal-i-docent\/ensenyar-formar-aprendre-allo-que-mensenya-laula-cada-dia\/#primaryimage"},"image":{"@id":"https:\/\/www.mireiaportero.com\/ca\/desenvolupament-personal-i-docent\/ensenyar-formar-aprendre-allo-que-mensenya-laula-cada-dia\/#primaryimage"},"thumbnailUrl":"https:\/\/www.mireiaportero.com\/wp-content\/uploads\/2025\/09\/6.-Foto-articulo-6.jpg","datePublished":"2025-02-08T11:12:48+00:00","dateModified":"2025-09-08T13:44:53+00:00","author":{"@id":"https:\/\/www.mireiaportero.com\/ca\/#\/schema\/person\/4ac62923df1adc1df8b8ec233f4b4015"},"description":"Podria parlar-te de metodologies actives, de tecnologia, de gamificaci\u00f3 o de projectes. Per\u00f2 avui et vull explicar una mica m\u00e9s simple i m\u00e9s real: que segueixo aprenent cada dia fent classe. S\u00ed, s\u00f3c formadora, imparteixo cursos, acompanyo docents en processos d'innovaci\u00f3\u2026 per\u00f2 res d'aix\u00f2 no tindria sentit si no continu\u00e9s sent mestra. Perqu\u00e8 \u00e9s a l'aula on tot es posa a prova, on el que \u00e9s bonic de la teoria s'enfronta al ritme, a les emocions, al grup, a l'inesperat. \u2713","breadcrumb":{"@id":"https:\/\/www.mireiaportero.com\/ca\/desenvolupament-personal-i-docent\/ensenyar-formar-aprendre-allo-que-mensenya-laula-cada-dia\/#breadcrumb"},"inLanguage":"ca","potentialAction":[{"@type":"ReadAction","target":["https:\/\/www.mireiaportero.com\/ca\/desenvolupament-personal-i-docent\/ensenyar-formar-aprendre-allo-que-mensenya-laula-cada-dia\/"]}]},{"@type":"ImageObject","inLanguage":"ca","@id":"https:\/\/www.mireiaportero.com\/ca\/desenvolupament-personal-i-docent\/ensenyar-formar-aprendre-allo-que-mensenya-laula-cada-dia\/#primaryimage","url":"https:\/\/www.mireiaportero.com\/wp-content\/uploads\/2025\/09\/6.-Foto-articulo-6.jpg","contentUrl":"https:\/\/www.mireiaportero.com\/wp-content\/uploads\/2025\/09\/6.-Foto-articulo-6.jpg","width":7900,"height":5267},{"@type":"BreadcrumbList","@id":"https:\/\/www.mireiaportero.com\/ca\/desenvolupament-personal-i-docent\/ensenyar-formar-aprendre-allo-que-mensenya-laula-cada-dia\/#breadcrumb","itemListElement":[{"@type":"ListItem","position":1,"name":"Portada","item":"https:\/\/www.mireiaportero.com\/ca\/"},{"@type":"ListItem","position":2,"name":"Ensenyar, formar, aprendre: all\u00f2 que m&#8217;ensenya l&#8217;aula cada dia"}]},{"@type":"WebSite","@id":"https:\/\/www.mireiaportero.com\/ca\/#website","url":"https:\/\/www.mireiaportero.com\/ca\/","name":"Mireia Portero","description":"Educaci\u00f3n con sentido, desde dentro.","potentialAction":[{"@type":"SearchAction","target":{"@type":"EntryPoint","urlTemplate":"https:\/\/www.mireiaportero.com\/ca\/?s={search_term_string}"},"query-input":{"@type":"PropertyValueSpecification","valueRequired":true,"valueName":"search_term_string"}}],"inLanguage":"ca"},{"@type":"Person","@id":"https:\/\/www.mireiaportero.com\/ca\/#\/schema\/person\/4ac62923df1adc1df8b8ec233f4b4015","name":"wwwarcelona","image":{"@type":"ImageObject","inLanguage":"ca","@id":"https:\/\/secure.gravatar.com\/avatar\/0c6819356538849544fe79abd31afb6f42861bbb96368a1f2151f9a226524dcd?s=96&d=mm&r=g","url":"https:\/\/secure.gravatar.com\/avatar\/0c6819356538849544fe79abd31afb6f42861bbb96368a1f2151f9a226524dcd?s=96&d=mm&r=g","contentUrl":"https:\/\/secure.gravatar.com\/avatar\/0c6819356538849544fe79abd31afb6f42861bbb96368a1f2151f9a226524dcd?s=96&d=mm&r=g","caption":"wwwarcelona"}}]}},"_links":{"self":[{"href":"https:\/\/www.mireiaportero.com\/ca\/wp-json\/wp\/v2\/posts\/2637","targetHints":{"allow":["GET"]}}],"collection":[{"href":"https:\/\/www.mireiaportero.com\/ca\/wp-json\/wp\/v2\/posts"}],"about":[{"href":"https:\/\/www.mireiaportero.com\/ca\/wp-json\/wp\/v2\/types\/post"}],"author":[{"embeddable":true,"href":"https:\/\/www.mireiaportero.com\/ca\/wp-json\/wp\/v2\/users\/2"}],"replies":[{"embeddable":true,"href":"https:\/\/www.mireiaportero.com\/ca\/wp-json\/wp\/v2\/comments?post=2637"}],"version-history":[{"count":1,"href":"https:\/\/www.mireiaportero.com\/ca\/wp-json\/wp\/v2\/posts\/2637\/revisions"}],"predecessor-version":[{"id":2641,"href":"https:\/\/www.mireiaportero.com\/ca\/wp-json\/wp\/v2\/posts\/2637\/revisions\/2641"}],"wp:featuredmedia":[{"embeddable":true,"href":"https:\/\/www.mireiaportero.com\/ca\/wp-json\/wp\/v2\/media\/2639"}],"wp:attachment":[{"href":"https:\/\/www.mireiaportero.com\/ca\/wp-json\/wp\/v2\/media?parent=2637"}],"wp:term":[{"taxonomy":"category","embeddable":true,"href":"https:\/\/www.mireiaportero.com\/ca\/wp-json\/wp\/v2\/categories?post=2637"},{"taxonomy":"post_tag","embeddable":true,"href":"https:\/\/www.mireiaportero.com\/ca\/wp-json\/wp\/v2\/tags?post=2637"}],"curies":[{"name":"wp","href":"https:\/\/api.w.org\/{rel}","templated":true}]}}