{"id":2755,"date":"2025-09-13T13:38:30","date_gmt":"2025-09-13T11:38:30","guid":{"rendered":"https:\/\/www.mireiaportero.com\/noticies\/contentser-exigents-amb-la-seleccio-del-professorat-una-questio-de-futur\/"},"modified":"2025-09-16T13:46:22","modified_gmt":"2025-09-16T11:46:22","slug":"contentser-exigents-amb-la-seleccio-del-professorat-una-questio-de-futur","status":"publish","type":"post","link":"https:\/\/www.mireiaportero.com\/ca\/lideratge-organitzacio-i-comunitat-educativa\/contentser-exigents-amb-la-seleccio-del-professorat-una-questio-de-futur\/","title":{"rendered":"Ser exigents amb la selecci\u00f3 del professorat: una q\u00fcesti\u00f3 de futur"},"content":{"rendered":"\n<h3 class=\"wp-block-heading\"><strong>El docent com a pe\u00e7a clau<\/strong><\/h3>\n\n<p>Un professor no \u00e9s nom\u00e9s un transmissor de coneixements. \u00c9s guia, referent, acompanyant, model. L&#8217;actitud, el comprom\u00eds i la preparaci\u00f3 impacten directament en l&#8217;aprenentatge, la motivaci\u00f3 i l&#8217;autoestima dels estudiants. Per aix\u00f2, no \u00e9s igual qui est\u00e0 davant d&#8217;un grup de nens\/es o adolescents.   <\/p>\n\n<h3 class=\"wp-block-heading\"><strong>Exig\u00e8ncia no significa elitisme<\/strong><\/h3>\n\n<p>Ser exigents no \u00e9s demanar docents \u201cperfectes\u201d. Significa <strong>assegurar que els qui arriben a les aules tenen les compet\u00e8ncies, la vocaci\u00f3 i la formaci\u00f3 necess\u00e0ries<\/strong> per exercir una tasca tan complexa com educar. <br\/><\/p>\n\n<p>Implica seleccionar perfils amb:<\/p>\n\n<ul class=\"wp-block-list\">\n<li><strong>S\u00f2lida preparaci\u00f3 acad\u00e8mica<\/strong> a la seva \u00e0rea.<br\/><\/li>\n\n\n\n<li><strong>Compet\u00e8ncies pedag\u00f2giques<\/strong> : saber ensenyar, no nom\u00e9s saber del tema.<br\/><\/li>\n\n\n\n<li><strong>Capacitats digitals i metodol\u00f2giques<\/strong> d&#8217;acord amb la societat actual.<br\/><\/li>\n\n\n\n<li><strong>Intel\u00b7lig\u00e8ncia emocional<\/strong> per gestionar grups, conflictes i diversitat.<br\/><\/li>\n\n\n\n<li><strong>Comprom\u00eds \u00e8tic i social<\/strong> amb l&#8217;educaci\u00f3 com a b\u00e9 com\u00fa.<br\/><\/li>\n<\/ul>\n\n<h3 class=\"wp-block-heading\"><strong>Un sistema que cuidi i acompanyi<\/strong><\/h3>\n\n<p>L&#8217;exig\u00e8ncia ha d&#8217;anar acompanyada de suport. No n&#8217;hi ha prou de seleccionar els millors: cal <strong>formar-los, avaluar-los i acompanyar-los<\/strong> durant tota la seva carrera professional. La formaci\u00f3 inicial rigorosa, l&#8217;acc\u00e9s just i transparent i la formaci\u00f3 continuada s\u00f3n les tres potes d&#8217;un mateix banc.  <\/p>\n\n<h3 class=\"wp-block-heading\"><strong>El que ens juguem<\/strong><\/h3>\n\n<p>Si no som exigents, el que est\u00e0 en joc no s\u00f3n nom\u00e9s resultats acad\u00e8mics. \u00c9s la confian\u00e7a de les fam\u00edlies, l&#8217;equitat del sistema i sobretot el futur de cada alumne\/a que mereix ser acompanyat per un bon docent. La mediocritat a la selecci\u00f3 del professorat es tradueix en desigualtat en les oportunitats educatives.  <\/p>\n\n<p>L&#8217;educaci\u00f3 \u00e9s massa important per deixar-la a les mans de l&#8217;atzar. Ser exigents amb la selecci\u00f3 del professorat \u00e9s <strong>apostar pel futur dels nostres nens i nenes, per la qualitat de les nostres escoles i pel progr\u00e9s de la nostra societat<\/strong> .<br\/> No es tracta de demanar m\u00e9s del que un docent pot donar, sin\u00f3 d&#8217; <strong>assegurar-nos que els qui arriben a la professi\u00f3 ho fan preparats, acompanyats i amb la il\u00b7lusi\u00f3 de transformar vides<\/strong> . M\u00e9s reflexions breus i novetats a <a href=\"https:\/\/x.com\/MireiaPortero5\">Twitter\/X<\/a> . <\/p>\n\n<p><\/p>\n","protected":false},"excerpt":{"rendered":"<p>La qualitat d&#8217;un sistema educatiu mai no superar\u00e0 la qualitat dels seus docents. Aquesta idea, repetida en informes i estudis internacionals, no \u00e9s un esl\u00f2gan: \u00e9s una realitat que veiem cada dia a les nostres aules. I per aix\u00f2, ser exigents a la selecci\u00f3 del professorat no \u00e9s un caprici, sin\u00f3 una necessitat per garantir el dret a una educaci\u00f3 de qualitat per a tots els alumnes.  <\/p>\n","protected":false},"author":3,"featured_media":2756,"comment_status":"closed","ping_status":"closed","sticky":false,"template":"","format":"standard","meta":{"_acf_changed":false,"inline_featured_image":false,"footnotes":""},"categories":[60],"tags":[],"class_list":["post-2755","post","type-post","status-publish","format-standard","has-post-thumbnail","hentry","category-lideratge-organitzacio-i-comunitat-educativa"],"acf":[],"yoast_head":"<!-- This site is optimized with the Yoast SEO plugin v27.5 - https:\/\/yoast.com\/product\/yoast-seo-wordpress\/ -->\n<title>\u25b7Ser exigents amb la selecci\u00f3 del professorat: una q\u00fcesti\u00f3 de futur - \u3010 Mireia Portero \u3011<\/title>\n<meta name=\"description\" content=\"La qualitat d&#039;un sistema educatiu mai no superar\u00e0 la qualitat dels seus docents. Aquesta idea, repetida en informes i estudis internacionals, no \u00e9s un esl\u00f2gan: \u00e9s una realitat que veiem cada dia a les nostres aules. I per aix\u00f2, ser exigents a la selecci\u00f3 del professorat no \u00e9s un caprici, sin\u00f3 una necessitat per garantir el dret a una educaci\u00f3 de qualitat per a tots els alumnes. \u2713\" \/>\n<meta name=\"robots\" content=\"index, follow, max-snippet:-1, max-image-preview:large, max-video-preview:-1\" \/>\n<link rel=\"canonical\" href=\"https:\/\/www.mireiaportero.com\/ca\/lideratge-organitzacio-i-comunitat-educativa\/contentser-exigents-amb-la-seleccio-del-professorat-una-questio-de-futur\/\" \/>\n<meta property=\"og:locale\" content=\"ca_ES\" \/>\n<meta property=\"og:type\" content=\"article\" \/>\n<meta property=\"og:title\" content=\"\u25b7Ser exigents amb la selecci\u00f3 del professorat: una q\u00fcesti\u00f3 de futur - \u3010 Mireia Portero \u3011\" \/>\n<meta property=\"og:description\" content=\"La qualitat d&#039;un sistema educatiu mai no superar\u00e0 la qualitat dels seus docents. Aquesta idea, repetida en informes i estudis internacionals, no \u00e9s un esl\u00f2gan: \u00e9s una realitat que veiem cada dia a les nostres aules. I per aix\u00f2, ser exigents a la selecci\u00f3 del professorat no \u00e9s un caprici, sin\u00f3 una necessitat per garantir el dret a una educaci\u00f3 de qualitat per a tots els alumnes. \u2713\" \/>\n<meta property=\"og:url\" content=\"https:\/\/www.mireiaportero.com\/ca\/lideratge-organitzacio-i-comunitat-educativa\/contentser-exigents-amb-la-seleccio-del-professorat-una-questio-de-futur\/\" \/>\n<meta property=\"og:site_name\" content=\"Mireia Portero\" \/>\n<meta property=\"article:published_time\" content=\"2025-09-13T11:38:30+00:00\" \/>\n<meta property=\"article:modified_time\" content=\"2025-09-16T11:46:22+00:00\" \/>\n<meta property=\"og:image\" content=\"https:\/\/www.mireiaportero.com\/wp-content\/uploads\/2025\/09\/papeles-de-negocios-de-bodegones-con-varios-peones-scaled.jpg\" \/>\n\t<meta property=\"og:image:width\" content=\"2560\" \/>\n\t<meta property=\"og:image:height\" content=\"1707\" \/>\n\t<meta property=\"og:image:type\" content=\"image\/jpeg\" \/>\n<meta name=\"author\" content=\"wwwarcelona\" \/>\n<meta name=\"twitter:card\" content=\"summary_large_image\" \/>\n<meta name=\"twitter:label1\" content=\"Escrit per\" \/>\n\t<meta name=\"twitter:data1\" content=\"wwwarcelona\" \/>\n\t<meta name=\"twitter:label2\" content=\"Temps estimat de lectura\" \/>\n\t<meta name=\"twitter:data2\" content=\"2 minuts\" \/>\n<script type=\"application\/ld+json\" class=\"yoast-schema-graph\">{\"@context\":\"https:\\\/\\\/schema.org\",\"@graph\":[{\"@type\":\"Article\",\"@id\":\"https:\\\/\\\/www.mireiaportero.com\\\/ca\\\/lideratge-organitzacio-i-comunitat-educativa\\\/contentser-exigents-amb-la-seleccio-del-professorat-una-questio-de-futur\\\/#article\",\"isPartOf\":{\"@id\":\"https:\\\/\\\/www.mireiaportero.com\\\/ca\\\/lideratge-organitzacio-i-comunitat-educativa\\\/contentser-exigents-amb-la-seleccio-del-professorat-una-questio-de-futur\\\/\"},\"author\":{\"name\":\"wwwarcelona\",\"@id\":\"https:\\\/\\\/www.mireiaportero.com\\\/ca\\\/#\\\/schema\\\/person\\\/310309462f76e8d6d92b6fedbd79d8d1\"},\"headline\":\"Ser exigents amb la selecci\u00f3 del professorat: una q\u00fcesti\u00f3 de futur\",\"datePublished\":\"2025-09-13T11:38:30+00:00\",\"dateModified\":\"2025-09-16T11:46:22+00:00\",\"mainEntityOfPage\":{\"@id\":\"https:\\\/\\\/www.mireiaportero.com\\\/ca\\\/lideratge-organitzacio-i-comunitat-educativa\\\/contentser-exigents-amb-la-seleccio-del-professorat-una-questio-de-futur\\\/\"},\"wordCount\":378,\"image\":{\"@id\":\"https:\\\/\\\/www.mireiaportero.com\\\/ca\\\/lideratge-organitzacio-i-comunitat-educativa\\\/contentser-exigents-amb-la-seleccio-del-professorat-una-questio-de-futur\\\/#primaryimage\"},\"thumbnailUrl\":\"https:\\\/\\\/www.mireiaportero.com\\\/wp-content\\\/uploads\\\/2025\\\/09\\\/papeles-de-negocios-de-bodegones-con-varios-peones-scaled.jpg\",\"articleSection\":[\"Lideratge, organitzaci\u00f3 i comunitat educativa\"],\"inLanguage\":\"ca\"},{\"@type\":\"WebPage\",\"@id\":\"https:\\\/\\\/www.mireiaportero.com\\\/ca\\\/lideratge-organitzacio-i-comunitat-educativa\\\/contentser-exigents-amb-la-seleccio-del-professorat-una-questio-de-futur\\\/\",\"url\":\"https:\\\/\\\/www.mireiaportero.com\\\/ca\\\/lideratge-organitzacio-i-comunitat-educativa\\\/contentser-exigents-amb-la-seleccio-del-professorat-una-questio-de-futur\\\/\",\"name\":\"\u25b7Ser exigents amb la selecci\u00f3 del professorat: una q\u00fcesti\u00f3 de futur - \u3010 Mireia Portero \u3011\",\"isPartOf\":{\"@id\":\"https:\\\/\\\/www.mireiaportero.com\\\/ca\\\/#website\"},\"primaryImageOfPage\":{\"@id\":\"https:\\\/\\\/www.mireiaportero.com\\\/ca\\\/lideratge-organitzacio-i-comunitat-educativa\\\/contentser-exigents-amb-la-seleccio-del-professorat-una-questio-de-futur\\\/#primaryimage\"},\"image\":{\"@id\":\"https:\\\/\\\/www.mireiaportero.com\\\/ca\\\/lideratge-organitzacio-i-comunitat-educativa\\\/contentser-exigents-amb-la-seleccio-del-professorat-una-questio-de-futur\\\/#primaryimage\"},\"thumbnailUrl\":\"https:\\\/\\\/www.mireiaportero.com\\\/wp-content\\\/uploads\\\/2025\\\/09\\\/papeles-de-negocios-de-bodegones-con-varios-peones-scaled.jpg\",\"datePublished\":\"2025-09-13T11:38:30+00:00\",\"dateModified\":\"2025-09-16T11:46:22+00:00\",\"author\":{\"@id\":\"https:\\\/\\\/www.mireiaportero.com\\\/ca\\\/#\\\/schema\\\/person\\\/310309462f76e8d6d92b6fedbd79d8d1\"},\"description\":\"La qualitat d'un sistema educatiu mai no superar\u00e0 la qualitat dels seus docents. Aquesta idea, repetida en informes i estudis internacionals, no \u00e9s un esl\u00f2gan: \u00e9s una realitat que veiem cada dia a les nostres aules. I per aix\u00f2, ser exigents a la selecci\u00f3 del professorat no \u00e9s un caprici, sin\u00f3 una necessitat per garantir el dret a una educaci\u00f3 de qualitat per a tots els alumnes. \u2713\",\"breadcrumb\":{\"@id\":\"https:\\\/\\\/www.mireiaportero.com\\\/ca\\\/lideratge-organitzacio-i-comunitat-educativa\\\/contentser-exigents-amb-la-seleccio-del-professorat-una-questio-de-futur\\\/#breadcrumb\"},\"inLanguage\":\"ca\",\"potentialAction\":[{\"@type\":\"ReadAction\",\"target\":[\"https:\\\/\\\/www.mireiaportero.com\\\/ca\\\/lideratge-organitzacio-i-comunitat-educativa\\\/contentser-exigents-amb-la-seleccio-del-professorat-una-questio-de-futur\\\/\"]}]},{\"@type\":\"ImageObject\",\"inLanguage\":\"ca\",\"@id\":\"https:\\\/\\\/www.mireiaportero.com\\\/ca\\\/lideratge-organitzacio-i-comunitat-educativa\\\/contentser-exigents-amb-la-seleccio-del-professorat-una-questio-de-futur\\\/#primaryimage\",\"url\":\"https:\\\/\\\/www.mireiaportero.com\\\/wp-content\\\/uploads\\\/2025\\\/09\\\/papeles-de-negocios-de-bodegones-con-varios-peones-scaled.jpg\",\"contentUrl\":\"https:\\\/\\\/www.mireiaportero.com\\\/wp-content\\\/uploads\\\/2025\\\/09\\\/papeles-de-negocios-de-bodegones-con-varios-peones-scaled.jpg\",\"width\":2560,\"height\":1707},{\"@type\":\"BreadcrumbList\",\"@id\":\"https:\\\/\\\/www.mireiaportero.com\\\/ca\\\/lideratge-organitzacio-i-comunitat-educativa\\\/contentser-exigents-amb-la-seleccio-del-professorat-una-questio-de-futur\\\/#breadcrumb\",\"itemListElement\":[{\"@type\":\"ListItem\",\"position\":1,\"name\":\"Portada\",\"item\":\"https:\\\/\\\/www.mireiaportero.com\\\/ca\\\/\"},{\"@type\":\"ListItem\",\"position\":2,\"name\":\"Ser exigents amb la selecci\u00f3 del professorat: una q\u00fcesti\u00f3 de futur\"}]},{\"@type\":\"WebSite\",\"@id\":\"https:\\\/\\\/www.mireiaportero.com\\\/ca\\\/#website\",\"url\":\"https:\\\/\\\/www.mireiaportero.com\\\/ca\\\/\",\"name\":\"Mireia Portero\",\"description\":\"Educaci\u00f3n con sentido, desde dentro.\",\"potentialAction\":[{\"@type\":\"SearchAction\",\"target\":{\"@type\":\"EntryPoint\",\"urlTemplate\":\"https:\\\/\\\/www.mireiaportero.com\\\/ca\\\/?s={search_term_string}\"},\"query-input\":{\"@type\":\"PropertyValueSpecification\",\"valueRequired\":true,\"valueName\":\"search_term_string\"}}],\"inLanguage\":\"ca\"},{\"@type\":\"Person\",\"@id\":\"https:\\\/\\\/www.mireiaportero.com\\\/ca\\\/#\\\/schema\\\/person\\\/310309462f76e8d6d92b6fedbd79d8d1\",\"name\":\"wwwarcelona\",\"image\":{\"@type\":\"ImageObject\",\"inLanguage\":\"ca\",\"@id\":\"https:\\\/\\\/secure.gravatar.com\\\/avatar\\\/dbb9290f1d960603bffb03febd4bdf3612fadbb445af58a185e67ae6a2887a1b?s=96&d=mm&r=g\",\"url\":\"https:\\\/\\\/secure.gravatar.com\\\/avatar\\\/dbb9290f1d960603bffb03febd4bdf3612fadbb445af58a185e67ae6a2887a1b?s=96&d=mm&r=g\",\"contentUrl\":\"https:\\\/\\\/secure.gravatar.com\\\/avatar\\\/dbb9290f1d960603bffb03febd4bdf3612fadbb445af58a185e67ae6a2887a1b?s=96&d=mm&r=g\",\"caption\":\"wwwarcelona\"}}]}<\/script>\n<!-- \/ Yoast SEO plugin. -->","yoast_head_json":{"title":"\u25b7Ser exigents amb la selecci\u00f3 del professorat: una q\u00fcesti\u00f3 de futur - \u3010 Mireia Portero \u3011","description":"La qualitat d'un sistema educatiu mai no superar\u00e0 la qualitat dels seus docents. Aquesta idea, repetida en informes i estudis internacionals, no \u00e9s un esl\u00f2gan: \u00e9s una realitat que veiem cada dia a les nostres aules. I per aix\u00f2, ser exigents a la selecci\u00f3 del professorat no \u00e9s un caprici, sin\u00f3 una necessitat per garantir el dret a una educaci\u00f3 de qualitat per a tots els alumnes. \u2713","robots":{"index":"index","follow":"follow","max-snippet":"max-snippet:-1","max-image-preview":"max-image-preview:large","max-video-preview":"max-video-preview:-1"},"canonical":"https:\/\/www.mireiaportero.com\/ca\/lideratge-organitzacio-i-comunitat-educativa\/contentser-exigents-amb-la-seleccio-del-professorat-una-questio-de-futur\/","og_locale":"ca_ES","og_type":"article","og_title":"\u25b7Ser exigents amb la selecci\u00f3 del professorat: una q\u00fcesti\u00f3 de futur - \u3010 Mireia Portero \u3011","og_description":"La qualitat d'un sistema educatiu mai no superar\u00e0 la qualitat dels seus docents. Aquesta idea, repetida en informes i estudis internacionals, no \u00e9s un esl\u00f2gan: \u00e9s una realitat que veiem cada dia a les nostres aules. I per aix\u00f2, ser exigents a la selecci\u00f3 del professorat no \u00e9s un caprici, sin\u00f3 una necessitat per garantir el dret a una educaci\u00f3 de qualitat per a tots els alumnes. \u2713","og_url":"https:\/\/www.mireiaportero.com\/ca\/lideratge-organitzacio-i-comunitat-educativa\/contentser-exigents-amb-la-seleccio-del-professorat-una-questio-de-futur\/","og_site_name":"Mireia Portero","article_published_time":"2025-09-13T11:38:30+00:00","article_modified_time":"2025-09-16T11:46:22+00:00","og_image":[{"width":2560,"height":1707,"url":"https:\/\/www.mireiaportero.com\/wp-content\/uploads\/2025\/09\/papeles-de-negocios-de-bodegones-con-varios-peones-scaled.jpg","type":"image\/jpeg"}],"author":"wwwarcelona","twitter_card":"summary_large_image","twitter_misc":{"Escrit per":"wwwarcelona","Temps estimat de lectura":"2 minuts"},"schema":{"@context":"https:\/\/schema.org","@graph":[{"@type":"Article","@id":"https:\/\/www.mireiaportero.com\/ca\/lideratge-organitzacio-i-comunitat-educativa\/contentser-exigents-amb-la-seleccio-del-professorat-una-questio-de-futur\/#article","isPartOf":{"@id":"https:\/\/www.mireiaportero.com\/ca\/lideratge-organitzacio-i-comunitat-educativa\/contentser-exigents-amb-la-seleccio-del-professorat-una-questio-de-futur\/"},"author":{"name":"wwwarcelona","@id":"https:\/\/www.mireiaportero.com\/ca\/#\/schema\/person\/310309462f76e8d6d92b6fedbd79d8d1"},"headline":"Ser exigents amb la selecci\u00f3 del professorat: una q\u00fcesti\u00f3 de futur","datePublished":"2025-09-13T11:38:30+00:00","dateModified":"2025-09-16T11:46:22+00:00","mainEntityOfPage":{"@id":"https:\/\/www.mireiaportero.com\/ca\/lideratge-organitzacio-i-comunitat-educativa\/contentser-exigents-amb-la-seleccio-del-professorat-una-questio-de-futur\/"},"wordCount":378,"image":{"@id":"https:\/\/www.mireiaportero.com\/ca\/lideratge-organitzacio-i-comunitat-educativa\/contentser-exigents-amb-la-seleccio-del-professorat-una-questio-de-futur\/#primaryimage"},"thumbnailUrl":"https:\/\/www.mireiaportero.com\/wp-content\/uploads\/2025\/09\/papeles-de-negocios-de-bodegones-con-varios-peones-scaled.jpg","articleSection":["Lideratge, organitzaci\u00f3 i comunitat educativa"],"inLanguage":"ca"},{"@type":"WebPage","@id":"https:\/\/www.mireiaportero.com\/ca\/lideratge-organitzacio-i-comunitat-educativa\/contentser-exigents-amb-la-seleccio-del-professorat-una-questio-de-futur\/","url":"https:\/\/www.mireiaportero.com\/ca\/lideratge-organitzacio-i-comunitat-educativa\/contentser-exigents-amb-la-seleccio-del-professorat-una-questio-de-futur\/","name":"\u25b7Ser exigents amb la selecci\u00f3 del professorat: una q\u00fcesti\u00f3 de futur - \u3010 Mireia Portero \u3011","isPartOf":{"@id":"https:\/\/www.mireiaportero.com\/ca\/#website"},"primaryImageOfPage":{"@id":"https:\/\/www.mireiaportero.com\/ca\/lideratge-organitzacio-i-comunitat-educativa\/contentser-exigents-amb-la-seleccio-del-professorat-una-questio-de-futur\/#primaryimage"},"image":{"@id":"https:\/\/www.mireiaportero.com\/ca\/lideratge-organitzacio-i-comunitat-educativa\/contentser-exigents-amb-la-seleccio-del-professorat-una-questio-de-futur\/#primaryimage"},"thumbnailUrl":"https:\/\/www.mireiaportero.com\/wp-content\/uploads\/2025\/09\/papeles-de-negocios-de-bodegones-con-varios-peones-scaled.jpg","datePublished":"2025-09-13T11:38:30+00:00","dateModified":"2025-09-16T11:46:22+00:00","author":{"@id":"https:\/\/www.mireiaportero.com\/ca\/#\/schema\/person\/310309462f76e8d6d92b6fedbd79d8d1"},"description":"La qualitat d'un sistema educatiu mai no superar\u00e0 la qualitat dels seus docents. Aquesta idea, repetida en informes i estudis internacionals, no \u00e9s un esl\u00f2gan: \u00e9s una realitat que veiem cada dia a les nostres aules. I per aix\u00f2, ser exigents a la selecci\u00f3 del professorat no \u00e9s un caprici, sin\u00f3 una necessitat per garantir el dret a una educaci\u00f3 de qualitat per a tots els alumnes. \u2713","breadcrumb":{"@id":"https:\/\/www.mireiaportero.com\/ca\/lideratge-organitzacio-i-comunitat-educativa\/contentser-exigents-amb-la-seleccio-del-professorat-una-questio-de-futur\/#breadcrumb"},"inLanguage":"ca","potentialAction":[{"@type":"ReadAction","target":["https:\/\/www.mireiaportero.com\/ca\/lideratge-organitzacio-i-comunitat-educativa\/contentser-exigents-amb-la-seleccio-del-professorat-una-questio-de-futur\/"]}]},{"@type":"ImageObject","inLanguage":"ca","@id":"https:\/\/www.mireiaportero.com\/ca\/lideratge-organitzacio-i-comunitat-educativa\/contentser-exigents-amb-la-seleccio-del-professorat-una-questio-de-futur\/#primaryimage","url":"https:\/\/www.mireiaportero.com\/wp-content\/uploads\/2025\/09\/papeles-de-negocios-de-bodegones-con-varios-peones-scaled.jpg","contentUrl":"https:\/\/www.mireiaportero.com\/wp-content\/uploads\/2025\/09\/papeles-de-negocios-de-bodegones-con-varios-peones-scaled.jpg","width":2560,"height":1707},{"@type":"BreadcrumbList","@id":"https:\/\/www.mireiaportero.com\/ca\/lideratge-organitzacio-i-comunitat-educativa\/contentser-exigents-amb-la-seleccio-del-professorat-una-questio-de-futur\/#breadcrumb","itemListElement":[{"@type":"ListItem","position":1,"name":"Portada","item":"https:\/\/www.mireiaportero.com\/ca\/"},{"@type":"ListItem","position":2,"name":"Ser exigents amb la selecci\u00f3 del professorat: una q\u00fcesti\u00f3 de futur"}]},{"@type":"WebSite","@id":"https:\/\/www.mireiaportero.com\/ca\/#website","url":"https:\/\/www.mireiaportero.com\/ca\/","name":"Mireia Portero","description":"Educaci\u00f3n con sentido, desde dentro.","potentialAction":[{"@type":"SearchAction","target":{"@type":"EntryPoint","urlTemplate":"https:\/\/www.mireiaportero.com\/ca\/?s={search_term_string}"},"query-input":{"@type":"PropertyValueSpecification","valueRequired":true,"valueName":"search_term_string"}}],"inLanguage":"ca"},{"@type":"Person","@id":"https:\/\/www.mireiaportero.com\/ca\/#\/schema\/person\/310309462f76e8d6d92b6fedbd79d8d1","name":"wwwarcelona","image":{"@type":"ImageObject","inLanguage":"ca","@id":"https:\/\/secure.gravatar.com\/avatar\/dbb9290f1d960603bffb03febd4bdf3612fadbb445af58a185e67ae6a2887a1b?s=96&d=mm&r=g","url":"https:\/\/secure.gravatar.com\/avatar\/dbb9290f1d960603bffb03febd4bdf3612fadbb445af58a185e67ae6a2887a1b?s=96&d=mm&r=g","contentUrl":"https:\/\/secure.gravatar.com\/avatar\/dbb9290f1d960603bffb03febd4bdf3612fadbb445af58a185e67ae6a2887a1b?s=96&d=mm&r=g","caption":"wwwarcelona"}}]}},"_links":{"self":[{"href":"https:\/\/www.mireiaportero.com\/ca\/wp-json\/wp\/v2\/posts\/2755","targetHints":{"allow":["GET"]}}],"collection":[{"href":"https:\/\/www.mireiaportero.com\/ca\/wp-json\/wp\/v2\/posts"}],"about":[{"href":"https:\/\/www.mireiaportero.com\/ca\/wp-json\/wp\/v2\/types\/post"}],"author":[{"embeddable":true,"href":"https:\/\/www.mireiaportero.com\/ca\/wp-json\/wp\/v2\/users\/3"}],"replies":[{"embeddable":true,"href":"https:\/\/www.mireiaportero.com\/ca\/wp-json\/wp\/v2\/comments?post=2755"}],"version-history":[{"count":5,"href":"https:\/\/www.mireiaportero.com\/ca\/wp-json\/wp\/v2\/posts\/2755\/revisions"}],"predecessor-version":[{"id":2761,"href":"https:\/\/www.mireiaportero.com\/ca\/wp-json\/wp\/v2\/posts\/2755\/revisions\/2761"}],"wp:featuredmedia":[{"embeddable":true,"href":"https:\/\/www.mireiaportero.com\/ca\/wp-json\/wp\/v2\/media\/2756"}],"wp:attachment":[{"href":"https:\/\/www.mireiaportero.com\/ca\/wp-json\/wp\/v2\/media?parent=2755"}],"wp:term":[{"taxonomy":"category","embeddable":true,"href":"https:\/\/www.mireiaportero.com\/ca\/wp-json\/wp\/v2\/categories?post=2755"},{"taxonomy":"post_tag","embeddable":true,"href":"https:\/\/www.mireiaportero.com\/ca\/wp-json\/wp\/v2\/tags?post=2755"}],"curies":[{"name":"wp","href":"https:\/\/api.w.org\/{rel}","templated":true}]}}