{"id":2782,"date":"2025-09-20T08:17:59","date_gmt":"2025-09-20T06:17:59","guid":{"rendered":"https:\/\/www.mireiaportero.com\/noticies\/educar-per-transformar-els-ods-a-laula-com-a-motor-de-canvi\/"},"modified":"2025-09-22T08:20:30","modified_gmt":"2025-09-22T06:20:30","slug":"educar-per-transformar-els-ods-a-laula-com-a-motor-de-canvi","status":"publish","type":"post","link":"https:\/\/www.mireiaportero.com\/ca\/metodologies-actives-abp-interdisciplinarietat-innovacio\/educar-per-transformar-els-ods-a-laula-com-a-motor-de-canvi\/","title":{"rendered":"Educar per transformar: els ODS a l&#8217;aula com a motor de canvi"},"content":{"rendered":"\n<p>Quan parlem dels <strong>Objectius de Desenvolupament Sostenible (ODS)<\/strong> , pot semblar que estem davant una cosa llunyana, reservada a governs, empreses o grans organitzacions internacionals. Per\u00f2 en realitat, els ODS comencen aqu\u00ed, a les nostres aules, a cada projecte ia cada conversa que tenim amb els nostres alumnes. <\/p>\n\n<p>L&#8217;escola no nom\u00e9s transmet coneixements: <strong>forma ciutadans conscients, cr\u00edtics i compromesos<\/strong> . I els ODS s\u00f3n una oportunitat \u00fanica per connectar el curr\u00edculum amb els grans reptes del nostre temps: la igualtat, la cura del planeta, la salut, la pau, la just\u00edcia o la innovaci\u00f3. <\/p>\n\n<h3 class=\"wp-block-heading\"><strong>Per qu\u00e8 treballar els ODS a l&#8217;escola?<\/strong><\/h3>\n\n<ol class=\"wp-block-list\">\n<li><strong>Donen sentit als aprenentatges<\/strong><strong><br\/><\/strong>  Quan un projecte connecta amb un objectiu global (per exemple, dissenyar una campanya per reduir el consum de pl\u00e0stic a l&#8217;escola), els estudiants entenen que el que fan importa. Que no \u00e9s un exercici escolar m\u00e9s, sin\u00f3 una contribuci\u00f3 real. <br\/><\/li>\n\n\n\n<li><strong>Fomenten l&#8217;empatia i la ciutadania global<\/strong><strong><br\/><\/strong> Parlar d&#8217;igualtat de g\u00e8nere, gana zero o educaci\u00f3 de qualitat convida a posar-se a la pell dels altres i mirar m\u00e9s enll\u00e0 de la pr\u00f2pia realitat.<br\/><\/li>\n\n\n\n<li><strong>Connecten amb metodologies actives<\/strong><strong><br\/><\/strong>  ABP, gamificaci\u00f3 o rob\u00f2tica esdevenen eines potents per dissenyar solucions a problemes vinculats als ODS. L&#8217;aprenentatge pren forma en reptes, prototips, campanyes o jocs amb impacte social. <br\/><\/li>\n<\/ol>\n\n<h3 class=\"wp-block-heading\"><strong>Exemples des de la meva experi\u00e8ncia<\/strong><\/h3>\n\n<ul class=\"wp-block-list\">\n<li>En un <strong>projecte d&#8217;ABP sobre sostenibilitat<\/strong> , l&#8217;alumnat va dissenyar solucions per reduir l&#8217;\u00fas de pl\u00e0stics a l&#8217;escola. Vam acabar amb una fira oberta a fam\u00edlies on van presentar les propostes. <br\/><\/li>\n\n\n\n<li>En <strong>rob\u00f2tica i programaci\u00f3<\/strong> , programem robots per simular la recollida selectiva de residus, treballant ODS com l&#8217;11 (ciutats sostenibles) i el 12 (producci\u00f3 i consum responsables).<br\/><\/li>\n\n\n\n<li><strong>A Educaci\u00f3 F\u00edsica<\/strong> vam organitzar un circuit cooperatiu vinculat a l&#8217;ODS 3 (salut i benestar), reflexionant sobre h\u00e0bits saludables mentre treball\u00e0vem en equip.<br\/><\/li>\n<\/ul>\n\n<h3 class=\"wp-block-heading\"><strong>Claus per integrar els ODS a la teva aula<\/strong><\/h3>\n\n<ul class=\"wp-block-list\">\n<li>Escull <strong>un o dos objectius<\/strong> cada curs, no intentis abastar els 17 alhora.<\/li>\n\n\n\n<li>Connecta sempre amb el <strong>context proper de l&#8217;alumnat<\/strong> : el seu barri, la seva escola, el seu entorn immediat.<\/li>\n\n\n\n<li>Dissenya activitats que tinguin <strong>impacte real<\/strong> : campanyes, accions, prototips o esdeveniments.<\/li>\n\n\n\n<li>Implica <strong>fam\u00edlies i comunitat<\/strong> per donar visibilitat i continu\u00eftat a la feina.<\/li>\n<\/ul>\n\n<h3 class=\"wp-block-heading\"><strong>Educar per transformar<\/strong><\/h3>\n\n<p>Els ODS no s\u00f3n una \u201cunitat extra\u201d ni una moda passatgera. S\u00f3n un recordatori que <strong>l&#8217;educaci\u00f3 t\u00e9 un paper clau en la construcci\u00f3 d&#8217;un m\u00f3n m\u00e9s just i sostenible<\/strong> . <\/p>\n\n<p>Quan portem els ODS a l&#8217;aula, donem al nostre alumnat una mica m\u00e9s que continguts: els donem un prop\u00f2sit, la certesa que fins i tot els gestos petits expliquen. I aix\u00f2, al final, \u00e9s l&#8217;ess\u00e8ncia d&#8217;educar: <strong>sembrar-hi la convicci\u00f3 que poden canviar el m\u00f3n<\/strong> . <\/p>\n\n<p>Converses educatives i actualitat a <a href=\"https:\/\/www.threads.com\/@mireiaportero5\">Threads<\/a> .<\/p>\n","protected":false},"excerpt":{"rendered":"<p>Quan parlem dels Objectius de Desenvolupament Sostenible (ODS), pot semblar que estem davant una cosa llunyana, reservada a governs, empreses o grans organitzacions internacionals. Per\u00f2 en realitat, els ODS comencen aqu\u00ed, a les nostres aules, a cada projecte ia cada conversa que tenim amb els nostres alumnes. <\/p>\n","protected":false},"author":4,"featured_media":2783,"comment_status":"closed","ping_status":"closed","sticky":false,"template":"","format":"standard","meta":{"_acf_changed":false,"inline_featured_image":false,"footnotes":""},"categories":[58],"tags":[],"class_list":["post-2782","post","type-post","status-publish","format-standard","has-post-thumbnail","hentry","category-metodologies-actives-abp-interdisciplinarietat-innovacio"],"acf":[],"yoast_head":"<!-- This site is optimized with the Yoast SEO plugin v27.5 - https:\/\/yoast.com\/product\/yoast-seo-wordpress\/ -->\n<title>\u25b7Educar per transformar: els ODS a l&#039;aula com a motor de canvi - \u3010 Mireia Portero \u3011<\/title>\n<meta name=\"description\" content=\"Quan parlem dels Objectius de Desenvolupament Sostenible (ODS), pot semblar que estem davant una cosa llunyana, reservada a governs, empreses o grans organitzacions internacionals. Per\u00f2 en realitat, els ODS comencen aqu\u00ed, a les nostres aules, a cada projecte ia cada conversa que tenim amb els nostres alumnes. \u2713\" \/>\n<meta name=\"robots\" content=\"index, follow, max-snippet:-1, max-image-preview:large, max-video-preview:-1\" \/>\n<link rel=\"canonical\" href=\"https:\/\/www.mireiaportero.com\/ca\/metodologies-actives-abp-interdisciplinarietat-innovacio\/educar-per-transformar-els-ods-a-laula-com-a-motor-de-canvi\/\" \/>\n<meta property=\"og:locale\" content=\"ca_ES\" \/>\n<meta property=\"og:type\" content=\"article\" \/>\n<meta property=\"og:title\" content=\"\u25b7Educar per transformar: els ODS a l&#039;aula com a motor de canvi - \u3010 Mireia Portero \u3011\" \/>\n<meta property=\"og:description\" content=\"Quan parlem dels Objectius de Desenvolupament Sostenible (ODS), pot semblar que estem davant una cosa llunyana, reservada a governs, empreses o grans organitzacions internacionals. Per\u00f2 en realitat, els ODS comencen aqu\u00ed, a les nostres aules, a cada projecte ia cada conversa que tenim amb els nostres alumnes. \u2713\" \/>\n<meta property=\"og:url\" content=\"https:\/\/www.mireiaportero.com\/ca\/metodologies-actives-abp-interdisciplinarietat-innovacio\/educar-per-transformar-els-ods-a-laula-com-a-motor-de-canvi\/\" \/>\n<meta property=\"og:site_name\" content=\"Mireia Portero\" \/>\n<meta property=\"article:published_time\" content=\"2025-09-20T06:17:59+00:00\" \/>\n<meta property=\"article:modified_time\" content=\"2025-09-22T06:20:30+00:00\" \/>\n<meta property=\"og:image\" content=\"https:\/\/www.mireiaportero.com\/wp-content\/uploads\/2025\/09\/38.-Foto-articulo-38-scaled.jpg\" \/>\n\t<meta property=\"og:image:width\" content=\"2560\" \/>\n\t<meta property=\"og:image:height\" content=\"1707\" \/>\n\t<meta property=\"og:image:type\" content=\"image\/jpeg\" \/>\n<meta name=\"author\" content=\"Mireia Portero\" \/>\n<meta name=\"twitter:card\" content=\"summary_large_image\" \/>\n<meta name=\"twitter:label1\" content=\"Escrit per\" \/>\n\t<meta name=\"twitter:data1\" content=\"Mireia Portero\" \/>\n\t<meta name=\"twitter:label2\" content=\"Temps estimat de lectura\" \/>\n\t<meta name=\"twitter:data2\" content=\"2 minuts\" \/>\n<script type=\"application\/ld+json\" class=\"yoast-schema-graph\">{\"@context\":\"https:\\\/\\\/schema.org\",\"@graph\":[{\"@type\":\"Article\",\"@id\":\"https:\\\/\\\/www.mireiaportero.com\\\/ca\\\/metodologies-actives-abp-interdisciplinarietat-innovacio\\\/educar-per-transformar-els-ods-a-laula-com-a-motor-de-canvi\\\/#article\",\"isPartOf\":{\"@id\":\"https:\\\/\\\/www.mireiaportero.com\\\/ca\\\/metodologies-actives-abp-interdisciplinarietat-innovacio\\\/educar-per-transformar-els-ods-a-laula-com-a-motor-de-canvi\\\/\"},\"author\":{\"name\":\"Mireia Portero\",\"@id\":\"https:\\\/\\\/www.mireiaportero.com\\\/ca\\\/#\\\/schema\\\/person\\\/d6e3835c0648fcdc0e66cd037bbab1e7\"},\"headline\":\"Educar per transformar: els ODS a l&#8217;aula com a motor de canvi\",\"datePublished\":\"2025-09-20T06:17:59+00:00\",\"dateModified\":\"2025-09-22T06:20:30+00:00\",\"mainEntityOfPage\":{\"@id\":\"https:\\\/\\\/www.mireiaportero.com\\\/ca\\\/metodologies-actives-abp-interdisciplinarietat-innovacio\\\/educar-per-transformar-els-ods-a-laula-com-a-motor-de-canvi\\\/\"},\"wordCount\":490,\"image\":{\"@id\":\"https:\\\/\\\/www.mireiaportero.com\\\/ca\\\/metodologies-actives-abp-interdisciplinarietat-innovacio\\\/educar-per-transformar-els-ods-a-laula-com-a-motor-de-canvi\\\/#primaryimage\"},\"thumbnailUrl\":\"https:\\\/\\\/www.mireiaportero.com\\\/wp-content\\\/uploads\\\/2025\\\/09\\\/38.-Foto-articulo-38-scaled.jpg\",\"articleSection\":[\"Metodologies actives (ABP, interdisciplinarietat, innovaci\u00f3)\"],\"inLanguage\":\"ca\"},{\"@type\":\"WebPage\",\"@id\":\"https:\\\/\\\/www.mireiaportero.com\\\/ca\\\/metodologies-actives-abp-interdisciplinarietat-innovacio\\\/educar-per-transformar-els-ods-a-laula-com-a-motor-de-canvi\\\/\",\"url\":\"https:\\\/\\\/www.mireiaportero.com\\\/ca\\\/metodologies-actives-abp-interdisciplinarietat-innovacio\\\/educar-per-transformar-els-ods-a-laula-com-a-motor-de-canvi\\\/\",\"name\":\"\u25b7Educar per transformar: els ODS a l'aula com a motor de canvi - \u3010 Mireia Portero \u3011\",\"isPartOf\":{\"@id\":\"https:\\\/\\\/www.mireiaportero.com\\\/ca\\\/#website\"},\"primaryImageOfPage\":{\"@id\":\"https:\\\/\\\/www.mireiaportero.com\\\/ca\\\/metodologies-actives-abp-interdisciplinarietat-innovacio\\\/educar-per-transformar-els-ods-a-laula-com-a-motor-de-canvi\\\/#primaryimage\"},\"image\":{\"@id\":\"https:\\\/\\\/www.mireiaportero.com\\\/ca\\\/metodologies-actives-abp-interdisciplinarietat-innovacio\\\/educar-per-transformar-els-ods-a-laula-com-a-motor-de-canvi\\\/#primaryimage\"},\"thumbnailUrl\":\"https:\\\/\\\/www.mireiaportero.com\\\/wp-content\\\/uploads\\\/2025\\\/09\\\/38.-Foto-articulo-38-scaled.jpg\",\"datePublished\":\"2025-09-20T06:17:59+00:00\",\"dateModified\":\"2025-09-22T06:20:30+00:00\",\"author\":{\"@id\":\"https:\\\/\\\/www.mireiaportero.com\\\/ca\\\/#\\\/schema\\\/person\\\/d6e3835c0648fcdc0e66cd037bbab1e7\"},\"description\":\"Quan parlem dels Objectius de Desenvolupament Sostenible (ODS), pot semblar que estem davant una cosa llunyana, reservada a governs, empreses o grans organitzacions internacionals. Per\u00f2 en realitat, els ODS comencen aqu\u00ed, a les nostres aules, a cada projecte ia cada conversa que tenim amb els nostres alumnes. \u2713\",\"breadcrumb\":{\"@id\":\"https:\\\/\\\/www.mireiaportero.com\\\/ca\\\/metodologies-actives-abp-interdisciplinarietat-innovacio\\\/educar-per-transformar-els-ods-a-laula-com-a-motor-de-canvi\\\/#breadcrumb\"},\"inLanguage\":\"ca\",\"potentialAction\":[{\"@type\":\"ReadAction\",\"target\":[\"https:\\\/\\\/www.mireiaportero.com\\\/ca\\\/metodologies-actives-abp-interdisciplinarietat-innovacio\\\/educar-per-transformar-els-ods-a-laula-com-a-motor-de-canvi\\\/\"]}]},{\"@type\":\"ImageObject\",\"inLanguage\":\"ca\",\"@id\":\"https:\\\/\\\/www.mireiaportero.com\\\/ca\\\/metodologies-actives-abp-interdisciplinarietat-innovacio\\\/educar-per-transformar-els-ods-a-laula-com-a-motor-de-canvi\\\/#primaryimage\",\"url\":\"https:\\\/\\\/www.mireiaportero.com\\\/wp-content\\\/uploads\\\/2025\\\/09\\\/38.-Foto-articulo-38-scaled.jpg\",\"contentUrl\":\"https:\\\/\\\/www.mireiaportero.com\\\/wp-content\\\/uploads\\\/2025\\\/09\\\/38.-Foto-articulo-38-scaled.jpg\",\"width\":2560,\"height\":1707},{\"@type\":\"BreadcrumbList\",\"@id\":\"https:\\\/\\\/www.mireiaportero.com\\\/ca\\\/metodologies-actives-abp-interdisciplinarietat-innovacio\\\/educar-per-transformar-els-ods-a-laula-com-a-motor-de-canvi\\\/#breadcrumb\",\"itemListElement\":[{\"@type\":\"ListItem\",\"position\":1,\"name\":\"Portada\",\"item\":\"https:\\\/\\\/www.mireiaportero.com\\\/ca\\\/\"},{\"@type\":\"ListItem\",\"position\":2,\"name\":\"Educar per transformar: els ODS a l&#8217;aula com a motor de canvi\"}]},{\"@type\":\"WebSite\",\"@id\":\"https:\\\/\\\/www.mireiaportero.com\\\/ca\\\/#website\",\"url\":\"https:\\\/\\\/www.mireiaportero.com\\\/ca\\\/\",\"name\":\"Mireia Portero\",\"description\":\"Educaci\u00f3n con sentido, desde dentro.\",\"potentialAction\":[{\"@type\":\"SearchAction\",\"target\":{\"@type\":\"EntryPoint\",\"urlTemplate\":\"https:\\\/\\\/www.mireiaportero.com\\\/ca\\\/?s={search_term_string}\"},\"query-input\":{\"@type\":\"PropertyValueSpecification\",\"valueRequired\":true,\"valueName\":\"search_term_string\"}}],\"inLanguage\":\"ca\"},{\"@type\":\"Person\",\"@id\":\"https:\\\/\\\/www.mireiaportero.com\\\/ca\\\/#\\\/schema\\\/person\\\/d6e3835c0648fcdc0e66cd037bbab1e7\",\"name\":\"Mireia Portero\",\"image\":{\"@type\":\"ImageObject\",\"inLanguage\":\"ca\",\"@id\":\"https:\\\/\\\/secure.gravatar.com\\\/avatar\\\/41c54dfdf0f4a3b60e13563e2c9c507f315a96cd04c3efc26ca3810d7a8ed884?s=96&d=mm&r=g\",\"url\":\"https:\\\/\\\/secure.gravatar.com\\\/avatar\\\/41c54dfdf0f4a3b60e13563e2c9c507f315a96cd04c3efc26ca3810d7a8ed884?s=96&d=mm&r=g\",\"contentUrl\":\"https:\\\/\\\/secure.gravatar.com\\\/avatar\\\/41c54dfdf0f4a3b60e13563e2c9c507f315a96cd04c3efc26ca3810d7a8ed884?s=96&d=mm&r=g\",\"caption\":\"Mireia Portero\"},\"sameAs\":[\"https:\\\/\\\/www.mireiaportero.com\\\/\"]}]}<\/script>\n<!-- \/ Yoast SEO plugin. -->","yoast_head_json":{"title":"\u25b7Educar per transformar: els ODS a l'aula com a motor de canvi - \u3010 Mireia Portero \u3011","description":"Quan parlem dels Objectius de Desenvolupament Sostenible (ODS), pot semblar que estem davant una cosa llunyana, reservada a governs, empreses o grans organitzacions internacionals. Per\u00f2 en realitat, els ODS comencen aqu\u00ed, a les nostres aules, a cada projecte ia cada conversa que tenim amb els nostres alumnes. \u2713","robots":{"index":"index","follow":"follow","max-snippet":"max-snippet:-1","max-image-preview":"max-image-preview:large","max-video-preview":"max-video-preview:-1"},"canonical":"https:\/\/www.mireiaportero.com\/ca\/metodologies-actives-abp-interdisciplinarietat-innovacio\/educar-per-transformar-els-ods-a-laula-com-a-motor-de-canvi\/","og_locale":"ca_ES","og_type":"article","og_title":"\u25b7Educar per transformar: els ODS a l'aula com a motor de canvi - \u3010 Mireia Portero \u3011","og_description":"Quan parlem dels Objectius de Desenvolupament Sostenible (ODS), pot semblar que estem davant una cosa llunyana, reservada a governs, empreses o grans organitzacions internacionals. Per\u00f2 en realitat, els ODS comencen aqu\u00ed, a les nostres aules, a cada projecte ia cada conversa que tenim amb els nostres alumnes. \u2713","og_url":"https:\/\/www.mireiaportero.com\/ca\/metodologies-actives-abp-interdisciplinarietat-innovacio\/educar-per-transformar-els-ods-a-laula-com-a-motor-de-canvi\/","og_site_name":"Mireia Portero","article_published_time":"2025-09-20T06:17:59+00:00","article_modified_time":"2025-09-22T06:20:30+00:00","og_image":[{"width":2560,"height":1707,"url":"https:\/\/www.mireiaportero.com\/wp-content\/uploads\/2025\/09\/38.-Foto-articulo-38-scaled.jpg","type":"image\/jpeg"}],"author":"Mireia Portero","twitter_card":"summary_large_image","twitter_misc":{"Escrit per":"Mireia Portero","Temps estimat de lectura":"2 minuts"},"schema":{"@context":"https:\/\/schema.org","@graph":[{"@type":"Article","@id":"https:\/\/www.mireiaportero.com\/ca\/metodologies-actives-abp-interdisciplinarietat-innovacio\/educar-per-transformar-els-ods-a-laula-com-a-motor-de-canvi\/#article","isPartOf":{"@id":"https:\/\/www.mireiaportero.com\/ca\/metodologies-actives-abp-interdisciplinarietat-innovacio\/educar-per-transformar-els-ods-a-laula-com-a-motor-de-canvi\/"},"author":{"name":"Mireia Portero","@id":"https:\/\/www.mireiaportero.com\/ca\/#\/schema\/person\/d6e3835c0648fcdc0e66cd037bbab1e7"},"headline":"Educar per transformar: els ODS a l&#8217;aula com a motor de canvi","datePublished":"2025-09-20T06:17:59+00:00","dateModified":"2025-09-22T06:20:30+00:00","mainEntityOfPage":{"@id":"https:\/\/www.mireiaportero.com\/ca\/metodologies-actives-abp-interdisciplinarietat-innovacio\/educar-per-transformar-els-ods-a-laula-com-a-motor-de-canvi\/"},"wordCount":490,"image":{"@id":"https:\/\/www.mireiaportero.com\/ca\/metodologies-actives-abp-interdisciplinarietat-innovacio\/educar-per-transformar-els-ods-a-laula-com-a-motor-de-canvi\/#primaryimage"},"thumbnailUrl":"https:\/\/www.mireiaportero.com\/wp-content\/uploads\/2025\/09\/38.-Foto-articulo-38-scaled.jpg","articleSection":["Metodologies actives (ABP, interdisciplinarietat, innovaci\u00f3)"],"inLanguage":"ca"},{"@type":"WebPage","@id":"https:\/\/www.mireiaportero.com\/ca\/metodologies-actives-abp-interdisciplinarietat-innovacio\/educar-per-transformar-els-ods-a-laula-com-a-motor-de-canvi\/","url":"https:\/\/www.mireiaportero.com\/ca\/metodologies-actives-abp-interdisciplinarietat-innovacio\/educar-per-transformar-els-ods-a-laula-com-a-motor-de-canvi\/","name":"\u25b7Educar per transformar: els ODS a l'aula com a motor de canvi - \u3010 Mireia Portero \u3011","isPartOf":{"@id":"https:\/\/www.mireiaportero.com\/ca\/#website"},"primaryImageOfPage":{"@id":"https:\/\/www.mireiaportero.com\/ca\/metodologies-actives-abp-interdisciplinarietat-innovacio\/educar-per-transformar-els-ods-a-laula-com-a-motor-de-canvi\/#primaryimage"},"image":{"@id":"https:\/\/www.mireiaportero.com\/ca\/metodologies-actives-abp-interdisciplinarietat-innovacio\/educar-per-transformar-els-ods-a-laula-com-a-motor-de-canvi\/#primaryimage"},"thumbnailUrl":"https:\/\/www.mireiaportero.com\/wp-content\/uploads\/2025\/09\/38.-Foto-articulo-38-scaled.jpg","datePublished":"2025-09-20T06:17:59+00:00","dateModified":"2025-09-22T06:20:30+00:00","author":{"@id":"https:\/\/www.mireiaportero.com\/ca\/#\/schema\/person\/d6e3835c0648fcdc0e66cd037bbab1e7"},"description":"Quan parlem dels Objectius de Desenvolupament Sostenible (ODS), pot semblar que estem davant una cosa llunyana, reservada a governs, empreses o grans organitzacions internacionals. Per\u00f2 en realitat, els ODS comencen aqu\u00ed, a les nostres aules, a cada projecte ia cada conversa que tenim amb els nostres alumnes. \u2713","breadcrumb":{"@id":"https:\/\/www.mireiaportero.com\/ca\/metodologies-actives-abp-interdisciplinarietat-innovacio\/educar-per-transformar-els-ods-a-laula-com-a-motor-de-canvi\/#breadcrumb"},"inLanguage":"ca","potentialAction":[{"@type":"ReadAction","target":["https:\/\/www.mireiaportero.com\/ca\/metodologies-actives-abp-interdisciplinarietat-innovacio\/educar-per-transformar-els-ods-a-laula-com-a-motor-de-canvi\/"]}]},{"@type":"ImageObject","inLanguage":"ca","@id":"https:\/\/www.mireiaportero.com\/ca\/metodologies-actives-abp-interdisciplinarietat-innovacio\/educar-per-transformar-els-ods-a-laula-com-a-motor-de-canvi\/#primaryimage","url":"https:\/\/www.mireiaportero.com\/wp-content\/uploads\/2025\/09\/38.-Foto-articulo-38-scaled.jpg","contentUrl":"https:\/\/www.mireiaportero.com\/wp-content\/uploads\/2025\/09\/38.-Foto-articulo-38-scaled.jpg","width":2560,"height":1707},{"@type":"BreadcrumbList","@id":"https:\/\/www.mireiaportero.com\/ca\/metodologies-actives-abp-interdisciplinarietat-innovacio\/educar-per-transformar-els-ods-a-laula-com-a-motor-de-canvi\/#breadcrumb","itemListElement":[{"@type":"ListItem","position":1,"name":"Portada","item":"https:\/\/www.mireiaportero.com\/ca\/"},{"@type":"ListItem","position":2,"name":"Educar per transformar: els ODS a l&#8217;aula com a motor de canvi"}]},{"@type":"WebSite","@id":"https:\/\/www.mireiaportero.com\/ca\/#website","url":"https:\/\/www.mireiaportero.com\/ca\/","name":"Mireia Portero","description":"Educaci\u00f3n con sentido, desde dentro.","potentialAction":[{"@type":"SearchAction","target":{"@type":"EntryPoint","urlTemplate":"https:\/\/www.mireiaportero.com\/ca\/?s={search_term_string}"},"query-input":{"@type":"PropertyValueSpecification","valueRequired":true,"valueName":"search_term_string"}}],"inLanguage":"ca"},{"@type":"Person","@id":"https:\/\/www.mireiaportero.com\/ca\/#\/schema\/person\/d6e3835c0648fcdc0e66cd037bbab1e7","name":"Mireia Portero","image":{"@type":"ImageObject","inLanguage":"ca","@id":"https:\/\/secure.gravatar.com\/avatar\/41c54dfdf0f4a3b60e13563e2c9c507f315a96cd04c3efc26ca3810d7a8ed884?s=96&d=mm&r=g","url":"https:\/\/secure.gravatar.com\/avatar\/41c54dfdf0f4a3b60e13563e2c9c507f315a96cd04c3efc26ca3810d7a8ed884?s=96&d=mm&r=g","contentUrl":"https:\/\/secure.gravatar.com\/avatar\/41c54dfdf0f4a3b60e13563e2c9c507f315a96cd04c3efc26ca3810d7a8ed884?s=96&d=mm&r=g","caption":"Mireia Portero"},"sameAs":["https:\/\/www.mireiaportero.com\/"]}]}},"_links":{"self":[{"href":"https:\/\/www.mireiaportero.com\/ca\/wp-json\/wp\/v2\/posts\/2782","targetHints":{"allow":["GET"]}}],"collection":[{"href":"https:\/\/www.mireiaportero.com\/ca\/wp-json\/wp\/v2\/posts"}],"about":[{"href":"https:\/\/www.mireiaportero.com\/ca\/wp-json\/wp\/v2\/types\/post"}],"author":[{"embeddable":true,"href":"https:\/\/www.mireiaportero.com\/ca\/wp-json\/wp\/v2\/users\/4"}],"replies":[{"embeddable":true,"href":"https:\/\/www.mireiaportero.com\/ca\/wp-json\/wp\/v2\/comments?post=2782"}],"version-history":[{"count":1,"href":"https:\/\/www.mireiaportero.com\/ca\/wp-json\/wp\/v2\/posts\/2782\/revisions"}],"predecessor-version":[{"id":2784,"href":"https:\/\/www.mireiaportero.com\/ca\/wp-json\/wp\/v2\/posts\/2782\/revisions\/2784"}],"wp:featuredmedia":[{"embeddable":true,"href":"https:\/\/www.mireiaportero.com\/ca\/wp-json\/wp\/v2\/media\/2783"}],"wp:attachment":[{"href":"https:\/\/www.mireiaportero.com\/ca\/wp-json\/wp\/v2\/media?parent=2782"}],"wp:term":[{"taxonomy":"category","embeddable":true,"href":"https:\/\/www.mireiaportero.com\/ca\/wp-json\/wp\/v2\/categories?post=2782"},{"taxonomy":"post_tag","embeddable":true,"href":"https:\/\/www.mireiaportero.com\/ca\/wp-json\/wp\/v2\/tags?post=2782"}],"curies":[{"name":"wp","href":"https:\/\/api.w.org\/{rel}","templated":true}]}}