{"id":2985,"date":"2025-11-01T10:54:50","date_gmt":"2025-11-01T09:54:50","guid":{"rendered":"https:\/\/www.mireiaportero.com\/noticies\/pensar-abans-de-creure-educar-el-pensament-critic-en-temps-dinfoxicacio\/"},"modified":"2026-03-21T11:16:10","modified_gmt":"2026-03-21T10:16:10","slug":"pensar-abans-de-creure-educar-el-pensament-critic-en-temps-dinfoxicacio","status":"publish","type":"post","link":"https:\/\/www.mireiaportero.com\/ca\/desenvolupament-personal-i-docent\/pensar-abans-de-creure-educar-el-pensament-critic-en-temps-dinfoxicacio\/","title":{"rendered":"Pensar abans de creure: educar el pensament cr\u00edtic en temps d\u2019infoxicaci\u00f3"},"content":{"rendered":"\n<p><strong>Pensar cr\u00edticament no \u00e9s criticar<\/strong><\/p>\n\n<p>Desenvolupar el pensament cr\u00edtic no vol dir dubtar de tot o desconfiar per sistema. Vol dir aprendre a analitzar, contrastar, argumentar i decidir amb criteri propi.<br\/>\u00c9s ensenyar a pensar amb cap i amb cor, a combinar la ra\u00f3 amb l\u2019\u00e8tica.<br\/>Un alumne\/a que pensa cr\u00edticament no repeteix idees alienes: les examina, les q\u00fcestiona i les millora.  <\/p>\n\n<p><strong>Com es cultiva el pensament cr\u00edtic a l\u2019aula<\/strong><\/p>\n\n<p>El pensament cr\u00edtic no s\u2019ensenya amb una fitxa ni amb una lli\u00e7\u00f3 magistral. Es cultiva en el dia a dia, a trav\u00e9s d\u2019experi\u00e8ncies que conviden a observar, comparar, reflexionar i debatre.<br\/>Algunes estrat\u00e8gies que aplico o recomano: <\/p>\n\n<ul class=\"wp-block-list\">\n<li><strong>Aprenentatge Basat en Projectes (ABP): <\/strong>els reptes oberts obliguen a investigar, contrastar fonts, escoltar diferents punts de vista i prendre decisions fonamentades.<br\/><\/li>\n\n\n\n<li><strong>Gamificaci\u00f3 amb prop\u00f2sit: <\/strong>els jocs ben dissenyats plantegen dilemes, missions \u00e8tiques i conseq\u00fc\u00e8ncies que conviden a pensar abans d\u2019actuar.<br\/><\/li>\n\n\n\n<li><strong>\u00das cr\u00edtic de la tecnologia i la IA:<\/strong> no es tracta d\u2019utilitzar eines digitals sense m\u00e9s, sin\u00f3 de reflexionar sobre el seu impacte, fiabilitat i l\u00edmits.<br\/><\/li>\n\n\n\n<li><strong>Debats i jocs de rol:<\/strong> assumir diferents punts de vista ajuda a empatitzar i argumentar amb respecte.<br\/><br\/><\/li>\n\n\n\n<li><strong>Avaluaci\u00f3 reflexiva: <\/strong>preguntar \u201cPer qu\u00e8 ho vas fer aix\u00ed?\u201d o \u201cQu\u00e8 hauries canviat?\u201d val m\u00e9s que mil correccions.<br\/><br\/><\/li>\n<\/ul>\n\n<p><strong>Exemples concrets<\/strong><\/p>\n\n<p>En una situaci\u00f3 d&#8217;aprenentatge, l\u2019alumnat va haver d\u2019analitzar si totes les decisions que pren una m\u00e0quina s\u00f3n justes.<br\/>En un projecte interdisciplinari, van investigar campanyes publicit\u00e0ries per descobrir quins missatges manipulaven emocions.<br\/>En una activitat gamificada, es van enfrontar a dilemes \u00e8tics: triar entre complir una missi\u00f3 o actuar de manera justa.<\/p>\n\n<p><strong>Per qu\u00e8 \u00e9s tan important<\/strong><\/p>\n\n<p>Perqu\u00e8 el pensament cr\u00edtic \u00e9s la base de l\u2019autonomia, l\u2019empatia i la responsabilitat.<br\/>Un alumne que apr\u00e8n a pensar cr\u00edticament <strong>no es deixa portar per la primera impressi\u00f3, per l\u2019algoritme ni per la pressi\u00f3 del grup.<\/strong> Apr\u00e8n a decidir amb consci\u00e8ncia. <\/p>\n\n<p><strong>Ensenyar a pensar per ensenyar a viure<\/strong><\/p>\n\n<p>Educar en pensament cr\u00edtic \u00e9s educar en llibertat.<br\/>No volem alumnes que repeteixin, sin\u00f3 alumnes que <strong>preguntin, dubtin, argumentin i proposin.<\/strong><br\/>Perqu\u00e8 l\u2019objectiu no \u00e9s que pensin com nosaltres, sin\u00f3 que <strong>aprenguin a pensar per ells mateixos, <\/strong>amb criteri, \u00e8tica i curiositat.<\/p>\n\n<p>Si t&#8217;interessa seguir la meva feina, et convido a descobrir m\u00e9s a les meves xarxes socials: <a href=\"https:\/\/www.instagram.com\/mireiaportero5\">Instagram<\/a> i <a href=\"https:\/\/www.linkedin.com\/in\/mireia-portero-aylagas-22114b270\/\">LinkedIn<\/a><\/p>\n\n<p><strong>Mireia Portero | Guanyadora dels Premis Educa Abanca a Millor Docent d&#8217;Espanya en Educaci\u00f3 No Formal<\/strong><\/p>\n","protected":false},"excerpt":{"rendered":"<p>Vivim envoltats d\u2019informaci\u00f3. Not\u00edcies, v\u00eddeos, publicacions, comentaris\u2026 milers de missatges al dia que ens arriben sense filtre, moltes vegades contradictoris o directament falsos.<br \/>\nI si per als adults ja \u00e9s dif\u00edcil distingir entre all\u00f2 veritable i all\u00f2 manipulat, per als nostres alumnes i alumnes ho \u00e9s encara m\u00e9s. Per aix\u00f2, educar el pensament cr\u00edtic s\u2019ha convertit en una necessitat urgent, no nom\u00e9s com a compet\u00e8ncia, sin\u00f3 com a actitud davant del m\u00f3n.  <\/p>\n","protected":false},"author":4,"featured_media":2986,"comment_status":"closed","ping_status":"closed","sticky":false,"template":"","format":"standard","meta":{"_acf_changed":false,"inline_featured_image":false,"footnotes":""},"categories":[55],"tags":[],"class_list":["post-2985","post","type-post","status-publish","format-standard","has-post-thumbnail","hentry","category-desenvolupament-personal-i-docent"],"acf":[],"yoast_head":"<!-- This site is optimized with the Yoast SEO plugin v27.5 - https:\/\/yoast.com\/product\/yoast-seo-wordpress\/ -->\n<title>\u25b7Pensar abans de creure: educar el pensament cr\u00edtic en temps d\u2019infoxicaci\u00f3 - \u3010 Mireia Portero \u3011<\/title>\n<meta name=\"description\" content=\"Vivim envoltats d\u2019informaci\u00f3. Not\u00edcies, v\u00eddeos, publicacions, comentaris\u2026 milers de missatges al dia que ens arriben sense filtre, moltes vegades contradictoris o directament falsos. I si per als adults ja \u00e9s dif\u00edcil distingir entre all\u00f2 veritable i all\u00f2 manipulat, per als nostres alumnes i alumnes ho \u00e9s encara m\u00e9s. Per aix\u00f2, educar el pensament cr\u00edtic s\u2019ha convertit en una necessitat urgent, no nom\u00e9s com a compet\u00e8ncia, sin\u00f3 com a actitud davant del m\u00f3n. \u2713\" \/>\n<meta name=\"robots\" content=\"index, follow, max-snippet:-1, max-image-preview:large, max-video-preview:-1\" \/>\n<link rel=\"canonical\" href=\"https:\/\/www.mireiaportero.com\/ca\/desenvolupament-personal-i-docent\/pensar-abans-de-creure-educar-el-pensament-critic-en-temps-dinfoxicacio\/\" \/>\n<meta property=\"og:locale\" content=\"ca_ES\" \/>\n<meta property=\"og:type\" content=\"article\" \/>\n<meta property=\"og:title\" content=\"\u25b7Pensar abans de creure: educar el pensament cr\u00edtic en temps d\u2019infoxicaci\u00f3 - \u3010 Mireia Portero \u3011\" \/>\n<meta property=\"og:description\" content=\"Vivim envoltats d\u2019informaci\u00f3. Not\u00edcies, v\u00eddeos, publicacions, comentaris\u2026 milers de missatges al dia que ens arriben sense filtre, moltes vegades contradictoris o directament falsos. I si per als adults ja \u00e9s dif\u00edcil distingir entre all\u00f2 veritable i all\u00f2 manipulat, per als nostres alumnes i alumnes ho \u00e9s encara m\u00e9s. Per aix\u00f2, educar el pensament cr\u00edtic s\u2019ha convertit en una necessitat urgent, no nom\u00e9s com a compet\u00e8ncia, sin\u00f3 com a actitud davant del m\u00f3n. \u2713\" \/>\n<meta property=\"og:url\" content=\"https:\/\/www.mireiaportero.com\/ca\/desenvolupament-personal-i-docent\/pensar-abans-de-creure-educar-el-pensament-critic-en-temps-dinfoxicacio\/\" \/>\n<meta property=\"og:site_name\" content=\"Mireia Portero\" \/>\n<meta property=\"article:published_time\" content=\"2025-11-01T09:54:50+00:00\" \/>\n<meta property=\"article:modified_time\" content=\"2026-03-21T10:16:10+00:00\" \/>\n<meta property=\"og:image\" content=\"https:\/\/www.mireiaportero.com\/wp-content\/uploads\/2025\/11\/disposicion-de-los-elementos-del-concepto-de-optimismo-scaled.jpg\" \/>\n\t<meta property=\"og:image:width\" content=\"2560\" \/>\n\t<meta property=\"og:image:height\" content=\"1920\" \/>\n\t<meta property=\"og:image:type\" content=\"image\/jpeg\" \/>\n<meta name=\"author\" content=\"Mireia Portero\" \/>\n<meta name=\"twitter:card\" content=\"summary_large_image\" \/>\n<meta name=\"twitter:label1\" content=\"Escrit per\" \/>\n\t<meta name=\"twitter:data1\" content=\"Mireia Portero\" \/>\n\t<meta name=\"twitter:label2\" content=\"Temps estimat de lectura\" \/>\n\t<meta name=\"twitter:data2\" content=\"2 minuts\" \/>\n<script type=\"application\/ld+json\" class=\"yoast-schema-graph\">{\"@context\":\"https:\\\/\\\/schema.org\",\"@graph\":[{\"@type\":\"Article\",\"@id\":\"https:\\\/\\\/www.mireiaportero.com\\\/ca\\\/desenvolupament-personal-i-docent\\\/pensar-abans-de-creure-educar-el-pensament-critic-en-temps-dinfoxicacio\\\/#article\",\"isPartOf\":{\"@id\":\"https:\\\/\\\/www.mireiaportero.com\\\/ca\\\/desenvolupament-personal-i-docent\\\/pensar-abans-de-creure-educar-el-pensament-critic-en-temps-dinfoxicacio\\\/\"},\"author\":{\"name\":\"Mireia Portero\",\"@id\":\"https:\\\/\\\/www.mireiaportero.com\\\/ca\\\/#\\\/schema\\\/person\\\/d6e3835c0648fcdc0e66cd037bbab1e7\"},\"headline\":\"Pensar abans de creure: educar el pensament cr\u00edtic en temps d\u2019infoxicaci\u00f3\",\"datePublished\":\"2025-11-01T09:54:50+00:00\",\"dateModified\":\"2026-03-21T10:16:10+00:00\",\"mainEntityOfPage\":{\"@id\":\"https:\\\/\\\/www.mireiaportero.com\\\/ca\\\/desenvolupament-personal-i-docent\\\/pensar-abans-de-creure-educar-el-pensament-critic-en-temps-dinfoxicacio\\\/\"},\"wordCount\":446,\"image\":{\"@id\":\"https:\\\/\\\/www.mireiaportero.com\\\/ca\\\/desenvolupament-personal-i-docent\\\/pensar-abans-de-creure-educar-el-pensament-critic-en-temps-dinfoxicacio\\\/#primaryimage\"},\"thumbnailUrl\":\"https:\\\/\\\/www.mireiaportero.com\\\/wp-content\\\/uploads\\\/2025\\\/11\\\/disposicion-de-los-elementos-del-concepto-de-optimismo-scaled.jpg\",\"articleSection\":[\"Desenvolupament personal i docent\"],\"inLanguage\":\"ca\"},{\"@type\":\"WebPage\",\"@id\":\"https:\\\/\\\/www.mireiaportero.com\\\/ca\\\/desenvolupament-personal-i-docent\\\/pensar-abans-de-creure-educar-el-pensament-critic-en-temps-dinfoxicacio\\\/\",\"url\":\"https:\\\/\\\/www.mireiaportero.com\\\/ca\\\/desenvolupament-personal-i-docent\\\/pensar-abans-de-creure-educar-el-pensament-critic-en-temps-dinfoxicacio\\\/\",\"name\":\"\u25b7Pensar abans de creure: educar el pensament cr\u00edtic en temps d\u2019infoxicaci\u00f3 - \u3010 Mireia Portero \u3011\",\"isPartOf\":{\"@id\":\"https:\\\/\\\/www.mireiaportero.com\\\/ca\\\/#website\"},\"primaryImageOfPage\":{\"@id\":\"https:\\\/\\\/www.mireiaportero.com\\\/ca\\\/desenvolupament-personal-i-docent\\\/pensar-abans-de-creure-educar-el-pensament-critic-en-temps-dinfoxicacio\\\/#primaryimage\"},\"image\":{\"@id\":\"https:\\\/\\\/www.mireiaportero.com\\\/ca\\\/desenvolupament-personal-i-docent\\\/pensar-abans-de-creure-educar-el-pensament-critic-en-temps-dinfoxicacio\\\/#primaryimage\"},\"thumbnailUrl\":\"https:\\\/\\\/www.mireiaportero.com\\\/wp-content\\\/uploads\\\/2025\\\/11\\\/disposicion-de-los-elementos-del-concepto-de-optimismo-scaled.jpg\",\"datePublished\":\"2025-11-01T09:54:50+00:00\",\"dateModified\":\"2026-03-21T10:16:10+00:00\",\"author\":{\"@id\":\"https:\\\/\\\/www.mireiaportero.com\\\/ca\\\/#\\\/schema\\\/person\\\/d6e3835c0648fcdc0e66cd037bbab1e7\"},\"description\":\"Vivim envoltats d\u2019informaci\u00f3. Not\u00edcies, v\u00eddeos, publicacions, comentaris\u2026 milers de missatges al dia que ens arriben sense filtre, moltes vegades contradictoris o directament falsos. I si per als adults ja \u00e9s dif\u00edcil distingir entre all\u00f2 veritable i all\u00f2 manipulat, per als nostres alumnes i alumnes ho \u00e9s encara m\u00e9s. Per aix\u00f2, educar el pensament cr\u00edtic s\u2019ha convertit en una necessitat urgent, no nom\u00e9s com a compet\u00e8ncia, sin\u00f3 com a actitud davant del m\u00f3n. \u2713\",\"breadcrumb\":{\"@id\":\"https:\\\/\\\/www.mireiaportero.com\\\/ca\\\/desenvolupament-personal-i-docent\\\/pensar-abans-de-creure-educar-el-pensament-critic-en-temps-dinfoxicacio\\\/#breadcrumb\"},\"inLanguage\":\"ca\",\"potentialAction\":[{\"@type\":\"ReadAction\",\"target\":[\"https:\\\/\\\/www.mireiaportero.com\\\/ca\\\/desenvolupament-personal-i-docent\\\/pensar-abans-de-creure-educar-el-pensament-critic-en-temps-dinfoxicacio\\\/\"]}]},{\"@type\":\"ImageObject\",\"inLanguage\":\"ca\",\"@id\":\"https:\\\/\\\/www.mireiaportero.com\\\/ca\\\/desenvolupament-personal-i-docent\\\/pensar-abans-de-creure-educar-el-pensament-critic-en-temps-dinfoxicacio\\\/#primaryimage\",\"url\":\"https:\\\/\\\/www.mireiaportero.com\\\/wp-content\\\/uploads\\\/2025\\\/11\\\/disposicion-de-los-elementos-del-concepto-de-optimismo-scaled.jpg\",\"contentUrl\":\"https:\\\/\\\/www.mireiaportero.com\\\/wp-content\\\/uploads\\\/2025\\\/11\\\/disposicion-de-los-elementos-del-concepto-de-optimismo-scaled.jpg\",\"width\":2560,\"height\":1920},{\"@type\":\"BreadcrumbList\",\"@id\":\"https:\\\/\\\/www.mireiaportero.com\\\/ca\\\/desenvolupament-personal-i-docent\\\/pensar-abans-de-creure-educar-el-pensament-critic-en-temps-dinfoxicacio\\\/#breadcrumb\",\"itemListElement\":[{\"@type\":\"ListItem\",\"position\":1,\"name\":\"Portada\",\"item\":\"https:\\\/\\\/www.mireiaportero.com\\\/ca\\\/\"},{\"@type\":\"ListItem\",\"position\":2,\"name\":\"Pensar abans de creure: educar el pensament cr\u00edtic en temps d\u2019infoxicaci\u00f3\"}]},{\"@type\":\"WebSite\",\"@id\":\"https:\\\/\\\/www.mireiaportero.com\\\/ca\\\/#website\",\"url\":\"https:\\\/\\\/www.mireiaportero.com\\\/ca\\\/\",\"name\":\"Mireia Portero\",\"description\":\"Educaci\u00f3n con sentido, desde dentro.\",\"potentialAction\":[{\"@type\":\"SearchAction\",\"target\":{\"@type\":\"EntryPoint\",\"urlTemplate\":\"https:\\\/\\\/www.mireiaportero.com\\\/ca\\\/?s={search_term_string}\"},\"query-input\":{\"@type\":\"PropertyValueSpecification\",\"valueRequired\":true,\"valueName\":\"search_term_string\"}}],\"inLanguage\":\"ca\"},{\"@type\":\"Person\",\"@id\":\"https:\\\/\\\/www.mireiaportero.com\\\/ca\\\/#\\\/schema\\\/person\\\/d6e3835c0648fcdc0e66cd037bbab1e7\",\"name\":\"Mireia Portero\",\"image\":{\"@type\":\"ImageObject\",\"inLanguage\":\"ca\",\"@id\":\"https:\\\/\\\/secure.gravatar.com\\\/avatar\\\/41c54dfdf0f4a3b60e13563e2c9c507f315a96cd04c3efc26ca3810d7a8ed884?s=96&d=mm&r=g\",\"url\":\"https:\\\/\\\/secure.gravatar.com\\\/avatar\\\/41c54dfdf0f4a3b60e13563e2c9c507f315a96cd04c3efc26ca3810d7a8ed884?s=96&d=mm&r=g\",\"contentUrl\":\"https:\\\/\\\/secure.gravatar.com\\\/avatar\\\/41c54dfdf0f4a3b60e13563e2c9c507f315a96cd04c3efc26ca3810d7a8ed884?s=96&d=mm&r=g\",\"caption\":\"Mireia Portero\"},\"sameAs\":[\"https:\\\/\\\/www.mireiaportero.com\\\/\"]}]}<\/script>\n<!-- \/ Yoast SEO plugin. -->","yoast_head_json":{"title":"\u25b7Pensar abans de creure: educar el pensament cr\u00edtic en temps d\u2019infoxicaci\u00f3 - \u3010 Mireia Portero \u3011","description":"Vivim envoltats d\u2019informaci\u00f3. Not\u00edcies, v\u00eddeos, publicacions, comentaris\u2026 milers de missatges al dia que ens arriben sense filtre, moltes vegades contradictoris o directament falsos. I si per als adults ja \u00e9s dif\u00edcil distingir entre all\u00f2 veritable i all\u00f2 manipulat, per als nostres alumnes i alumnes ho \u00e9s encara m\u00e9s. Per aix\u00f2, educar el pensament cr\u00edtic s\u2019ha convertit en una necessitat urgent, no nom\u00e9s com a compet\u00e8ncia, sin\u00f3 com a actitud davant del m\u00f3n. \u2713","robots":{"index":"index","follow":"follow","max-snippet":"max-snippet:-1","max-image-preview":"max-image-preview:large","max-video-preview":"max-video-preview:-1"},"canonical":"https:\/\/www.mireiaportero.com\/ca\/desenvolupament-personal-i-docent\/pensar-abans-de-creure-educar-el-pensament-critic-en-temps-dinfoxicacio\/","og_locale":"ca_ES","og_type":"article","og_title":"\u25b7Pensar abans de creure: educar el pensament cr\u00edtic en temps d\u2019infoxicaci\u00f3 - \u3010 Mireia Portero \u3011","og_description":"Vivim envoltats d\u2019informaci\u00f3. Not\u00edcies, v\u00eddeos, publicacions, comentaris\u2026 milers de missatges al dia que ens arriben sense filtre, moltes vegades contradictoris o directament falsos. I si per als adults ja \u00e9s dif\u00edcil distingir entre all\u00f2 veritable i all\u00f2 manipulat, per als nostres alumnes i alumnes ho \u00e9s encara m\u00e9s. Per aix\u00f2, educar el pensament cr\u00edtic s\u2019ha convertit en una necessitat urgent, no nom\u00e9s com a compet\u00e8ncia, sin\u00f3 com a actitud davant del m\u00f3n. \u2713","og_url":"https:\/\/www.mireiaportero.com\/ca\/desenvolupament-personal-i-docent\/pensar-abans-de-creure-educar-el-pensament-critic-en-temps-dinfoxicacio\/","og_site_name":"Mireia Portero","article_published_time":"2025-11-01T09:54:50+00:00","article_modified_time":"2026-03-21T10:16:10+00:00","og_image":[{"width":2560,"height":1920,"url":"https:\/\/www.mireiaportero.com\/wp-content\/uploads\/2025\/11\/disposicion-de-los-elementos-del-concepto-de-optimismo-scaled.jpg","type":"image\/jpeg"}],"author":"Mireia Portero","twitter_card":"summary_large_image","twitter_misc":{"Escrit per":"Mireia Portero","Temps estimat de lectura":"2 minuts"},"schema":{"@context":"https:\/\/schema.org","@graph":[{"@type":"Article","@id":"https:\/\/www.mireiaportero.com\/ca\/desenvolupament-personal-i-docent\/pensar-abans-de-creure-educar-el-pensament-critic-en-temps-dinfoxicacio\/#article","isPartOf":{"@id":"https:\/\/www.mireiaportero.com\/ca\/desenvolupament-personal-i-docent\/pensar-abans-de-creure-educar-el-pensament-critic-en-temps-dinfoxicacio\/"},"author":{"name":"Mireia Portero","@id":"https:\/\/www.mireiaportero.com\/ca\/#\/schema\/person\/d6e3835c0648fcdc0e66cd037bbab1e7"},"headline":"Pensar abans de creure: educar el pensament cr\u00edtic en temps d\u2019infoxicaci\u00f3","datePublished":"2025-11-01T09:54:50+00:00","dateModified":"2026-03-21T10:16:10+00:00","mainEntityOfPage":{"@id":"https:\/\/www.mireiaportero.com\/ca\/desenvolupament-personal-i-docent\/pensar-abans-de-creure-educar-el-pensament-critic-en-temps-dinfoxicacio\/"},"wordCount":446,"image":{"@id":"https:\/\/www.mireiaportero.com\/ca\/desenvolupament-personal-i-docent\/pensar-abans-de-creure-educar-el-pensament-critic-en-temps-dinfoxicacio\/#primaryimage"},"thumbnailUrl":"https:\/\/www.mireiaportero.com\/wp-content\/uploads\/2025\/11\/disposicion-de-los-elementos-del-concepto-de-optimismo-scaled.jpg","articleSection":["Desenvolupament personal i docent"],"inLanguage":"ca"},{"@type":"WebPage","@id":"https:\/\/www.mireiaportero.com\/ca\/desenvolupament-personal-i-docent\/pensar-abans-de-creure-educar-el-pensament-critic-en-temps-dinfoxicacio\/","url":"https:\/\/www.mireiaportero.com\/ca\/desenvolupament-personal-i-docent\/pensar-abans-de-creure-educar-el-pensament-critic-en-temps-dinfoxicacio\/","name":"\u25b7Pensar abans de creure: educar el pensament cr\u00edtic en temps d\u2019infoxicaci\u00f3 - \u3010 Mireia Portero \u3011","isPartOf":{"@id":"https:\/\/www.mireiaportero.com\/ca\/#website"},"primaryImageOfPage":{"@id":"https:\/\/www.mireiaportero.com\/ca\/desenvolupament-personal-i-docent\/pensar-abans-de-creure-educar-el-pensament-critic-en-temps-dinfoxicacio\/#primaryimage"},"image":{"@id":"https:\/\/www.mireiaportero.com\/ca\/desenvolupament-personal-i-docent\/pensar-abans-de-creure-educar-el-pensament-critic-en-temps-dinfoxicacio\/#primaryimage"},"thumbnailUrl":"https:\/\/www.mireiaportero.com\/wp-content\/uploads\/2025\/11\/disposicion-de-los-elementos-del-concepto-de-optimismo-scaled.jpg","datePublished":"2025-11-01T09:54:50+00:00","dateModified":"2026-03-21T10:16:10+00:00","author":{"@id":"https:\/\/www.mireiaportero.com\/ca\/#\/schema\/person\/d6e3835c0648fcdc0e66cd037bbab1e7"},"description":"Vivim envoltats d\u2019informaci\u00f3. Not\u00edcies, v\u00eddeos, publicacions, comentaris\u2026 milers de missatges al dia que ens arriben sense filtre, moltes vegades contradictoris o directament falsos. I si per als adults ja \u00e9s dif\u00edcil distingir entre all\u00f2 veritable i all\u00f2 manipulat, per als nostres alumnes i alumnes ho \u00e9s encara m\u00e9s. Per aix\u00f2, educar el pensament cr\u00edtic s\u2019ha convertit en una necessitat urgent, no nom\u00e9s com a compet\u00e8ncia, sin\u00f3 com a actitud davant del m\u00f3n. \u2713","breadcrumb":{"@id":"https:\/\/www.mireiaportero.com\/ca\/desenvolupament-personal-i-docent\/pensar-abans-de-creure-educar-el-pensament-critic-en-temps-dinfoxicacio\/#breadcrumb"},"inLanguage":"ca","potentialAction":[{"@type":"ReadAction","target":["https:\/\/www.mireiaportero.com\/ca\/desenvolupament-personal-i-docent\/pensar-abans-de-creure-educar-el-pensament-critic-en-temps-dinfoxicacio\/"]}]},{"@type":"ImageObject","inLanguage":"ca","@id":"https:\/\/www.mireiaportero.com\/ca\/desenvolupament-personal-i-docent\/pensar-abans-de-creure-educar-el-pensament-critic-en-temps-dinfoxicacio\/#primaryimage","url":"https:\/\/www.mireiaportero.com\/wp-content\/uploads\/2025\/11\/disposicion-de-los-elementos-del-concepto-de-optimismo-scaled.jpg","contentUrl":"https:\/\/www.mireiaportero.com\/wp-content\/uploads\/2025\/11\/disposicion-de-los-elementos-del-concepto-de-optimismo-scaled.jpg","width":2560,"height":1920},{"@type":"BreadcrumbList","@id":"https:\/\/www.mireiaportero.com\/ca\/desenvolupament-personal-i-docent\/pensar-abans-de-creure-educar-el-pensament-critic-en-temps-dinfoxicacio\/#breadcrumb","itemListElement":[{"@type":"ListItem","position":1,"name":"Portada","item":"https:\/\/www.mireiaportero.com\/ca\/"},{"@type":"ListItem","position":2,"name":"Pensar abans de creure: educar el pensament cr\u00edtic en temps d\u2019infoxicaci\u00f3"}]},{"@type":"WebSite","@id":"https:\/\/www.mireiaportero.com\/ca\/#website","url":"https:\/\/www.mireiaportero.com\/ca\/","name":"Mireia Portero","description":"Educaci\u00f3n con sentido, desde dentro.","potentialAction":[{"@type":"SearchAction","target":{"@type":"EntryPoint","urlTemplate":"https:\/\/www.mireiaportero.com\/ca\/?s={search_term_string}"},"query-input":{"@type":"PropertyValueSpecification","valueRequired":true,"valueName":"search_term_string"}}],"inLanguage":"ca"},{"@type":"Person","@id":"https:\/\/www.mireiaportero.com\/ca\/#\/schema\/person\/d6e3835c0648fcdc0e66cd037bbab1e7","name":"Mireia Portero","image":{"@type":"ImageObject","inLanguage":"ca","@id":"https:\/\/secure.gravatar.com\/avatar\/41c54dfdf0f4a3b60e13563e2c9c507f315a96cd04c3efc26ca3810d7a8ed884?s=96&d=mm&r=g","url":"https:\/\/secure.gravatar.com\/avatar\/41c54dfdf0f4a3b60e13563e2c9c507f315a96cd04c3efc26ca3810d7a8ed884?s=96&d=mm&r=g","contentUrl":"https:\/\/secure.gravatar.com\/avatar\/41c54dfdf0f4a3b60e13563e2c9c507f315a96cd04c3efc26ca3810d7a8ed884?s=96&d=mm&r=g","caption":"Mireia Portero"},"sameAs":["https:\/\/www.mireiaportero.com\/"]}]}},"_links":{"self":[{"href":"https:\/\/www.mireiaportero.com\/ca\/wp-json\/wp\/v2\/posts\/2985","targetHints":{"allow":["GET"]}}],"collection":[{"href":"https:\/\/www.mireiaportero.com\/ca\/wp-json\/wp\/v2\/posts"}],"about":[{"href":"https:\/\/www.mireiaportero.com\/ca\/wp-json\/wp\/v2\/types\/post"}],"author":[{"embeddable":true,"href":"https:\/\/www.mireiaportero.com\/ca\/wp-json\/wp\/v2\/users\/4"}],"replies":[{"embeddable":true,"href":"https:\/\/www.mireiaportero.com\/ca\/wp-json\/wp\/v2\/comments?post=2985"}],"version-history":[{"count":3,"href":"https:\/\/www.mireiaportero.com\/ca\/wp-json\/wp\/v2\/posts\/2985\/revisions"}],"predecessor-version":[{"id":4124,"href":"https:\/\/www.mireiaportero.com\/ca\/wp-json\/wp\/v2\/posts\/2985\/revisions\/4124"}],"wp:featuredmedia":[{"embeddable":true,"href":"https:\/\/www.mireiaportero.com\/ca\/wp-json\/wp\/v2\/media\/2986"}],"wp:attachment":[{"href":"https:\/\/www.mireiaportero.com\/ca\/wp-json\/wp\/v2\/media?parent=2985"}],"wp:term":[{"taxonomy":"category","embeddable":true,"href":"https:\/\/www.mireiaportero.com\/ca\/wp-json\/wp\/v2\/categories?post=2985"},{"taxonomy":"post_tag","embeddable":true,"href":"https:\/\/www.mireiaportero.com\/ca\/wp-json\/wp\/v2\/tags?post=2985"}],"curies":[{"name":"wp","href":"https:\/\/api.w.org\/{rel}","templated":true}]}}