{"id":3016,"date":"2025-11-08T15:56:46","date_gmt":"2025-11-08T14:56:46","guid":{"rendered":"https:\/\/www.mireiaportero.com\/noticies\/agrupar-per-aprendre-el-valor-de-les-dinamiques-a-educacio-fisica\/"},"modified":"2026-03-21T11:15:55","modified_gmt":"2026-03-21T10:15:55","slug":"agrupar-per-aprendre-el-valor-de-les-dinamiques-a-educacio-fisica","status":"publish","type":"post","link":"https:\/\/www.mireiaportero.com\/ca\/educacio-fisica-i-cos-en-moviment\/agrupar-per-aprendre-el-valor-de-les-dinamiques-a-educacio-fisica\/","title":{"rendered":"Agrupar per aprendre: el valor de les din\u00e0miques a Educaci\u00f3 F\u00edsica"},"content":{"rendered":"\n<p><strong>Les agrupacions tamb\u00e9 eduquen<\/strong><\/p>\n\n<p>Cada vegada que organitzem un grup, ensenyem molt m\u00e9s que habilitats motrius: ensenyem a escoltar, a compartir, a acceptar, a liderar i a confiar.<br\/>La manera com distribu\u00efm l\u2019alumnat <strong>influeix en la motivaci\u00f3, l\u2019autoestima i el clima emocional de la classe.<\/strong><\/p>\n\n<p>Per aix\u00f2, les agrupacions no haurien de ser fruit de l\u2019atzar o de la rutina, sin\u00f3 <strong>una decisi\u00f3 pedag\u00f2gica amb prop\u00f2sit i coher\u00e8ncia <\/strong>amb all\u00f2 que volem potenciar: cooperaci\u00f3, inclusi\u00f3, responsabilitat o repte.<\/p>\n\n<p><strong>Tipus d\u2019agrupacions i quan utilitzar-les<\/strong><\/p>\n\n<ul class=\"wp-block-list\">\n<li><strong>Treball individual: <\/strong>perfecte per a reptes personals o circuits on cada alumne avan\u00e7a al seu ritme i s\u2019autoavalua.<br\/><\/li>\n\n\n\n<li><strong>Parelles:<\/strong> ideals per a jocs d\u2019oposici\u00f3 controlada, acrosport o expressi\u00f3 corporal. Fomenten la confian\u00e7a i l\u2019empatia. <br\/><\/li>\n\n\n\n<li><strong>Petits grups:<\/strong> permeten cooperar, crear i prendre decisions conjuntes. Molt \u00fatils en projectes o din\u00e0miques on cada rol compta. <br\/><\/li>\n\n\n\n<li><strong>Equips grans: <\/strong>reforcen la identitat grupal, el lideratge compartit i l\u2019estrat\u00e8gia comuna. Funcionen molt b\u00e9 en lligues, tornejos o narratives gamificades. <br\/><\/li>\n<\/ul>\n\n<p><strong>Com ho faig jo: la m\u00e0gia d\u2019agrupar jugant<\/strong><\/p>\n\n<p>A les meves classes, les agrupacions formen part del mateix relat d\u2019aprenentatge. No s\u00f3n nom\u00e9s equips: s\u00f3n cases, colors o tripulacions que connecten amb la narrativa gamificada del curs.<br\/> <\/p>\n\n<ul class=\"wp-block-list\">\n<li>En una experi\u00e8ncia basada en <strong>Harry Potter, <\/strong>l\u2019alumnat s\u2019agrupa en cases com Gryffindor, Hufflepuff, Ravenclaw i Slytherin. Cada casa t\u00e9 el seu propi emblema, valors i missions col\u00b7lectives. Aix\u00f2 refor\u00e7a la cooperaci\u00f3 i el sentiment de pertinen\u00e7a, no nom\u00e9s la competici\u00f3.  <br\/><\/li>\n\n\n\n<li>En una altra proposta inspirada en <strong>Among Us<\/strong>, els grups es formen per colors de tripulaci\u00f3, i cada color representa un rol dins la nau: investigadors, enginyers, comunicadors&#8230;<br\/>A trav\u00e9s dels jocs, han de superar reptes i col\u00b7laborar per \u201cmantenir la nau en funcionament\u201d. \u00c9s una manera divertida de treballar el treball en equip, l\u2019estrat\u00e8gia i la comunicaci\u00f3 sense excloure ning\u00fa. <br\/><\/li>\n\n\n\n<li>En din\u00e0miques m\u00e9s obertes, combino agrupacions aleat\u00f2ries o per afinitats, per\u00f2 sempre amb rotaci\u00f3 de rols i equips, perqu\u00e8 tots puguin experimentar papers diferents dins del grup.<br\/><\/li>\n<\/ul>\n\n<p>Aquestes agrupacions no nom\u00e9s serveixen per organitzar la classe, sin\u00f3 per donar sentit a l\u2019aprenentatge, despertar emoci\u00f3 i refor\u00e7ar valors com la cooperaci\u00f3, l\u2019empatia o el respecte.<\/p>\n\n<p><strong>Agrupar tamb\u00e9 \u00e9s incloure<\/strong><\/p>\n\n<p>Una bona agrupaci\u00f3 pot canviar completament l\u2019experi\u00e8ncia d\u2019un alumne.<br\/>Quan barregem nivells, estils, ritmes o rols, fomentem la inclusi\u00f3 i ajudem a que tothom senti que aporta alguna cosa valuosa.<br\/>A les meves classes, procuro que ning\u00fa quedi sempre al mateix grup o amb el mateix rol: <strong>la rotaci\u00f3 i la diversitat enriqueixen l\u2019aprenentatge i la conviv\u00e8ncia.<\/strong><\/p>\n\n<p><strong>Formar grups, formar persones<\/strong><\/p>\n\n<p>Agrupar no \u00e9s nom\u00e9s organitzar la classe: \u00e9s <strong>dissenyar experi\u00e8ncies que construeixen comunitat.<\/strong><br\/>Quan l\u2019alumnat apr\u00e8n a col\u00b7laborar amb qui \u00e9s diferent, a respectar els torns, a ajudar i a celebrar els \u00e8xits dels altres, l\u2019Educaci\u00f3 F\u00edsica es converteix en molt m\u00e9s que moviment.<\/p>\n\n<p>Si t&#8217;interessa seguir la meva feina, et convido a descobrir m\u00e9s a les meves xarxes socials: <a href=\"https:\/\/www.instagram.com\/mireiaportero5\">Instagram<\/a> i <a href=\"https:\/\/www.linkedin.com\/in\/mireia-portero-aylagas-22114b270\/\">LinkedIn<\/a><\/p>\n\n<p><strong>Mireia Portero | Guanyadora dels Premis Educa Abanca a Millor Docent d&#8217;Espanya en Educaci\u00f3 No Formal<\/strong><br\/><\/p>\n","protected":false},"excerpt":{"rendered":"<p>A Educaci\u00f3 F\u00edsica, una de les decisions m\u00e9s importants -i sovint m\u00e9s invisibles- que prenem els docents \u00e9s com agrupem l\u2019alumnat.<br \/>\nPerqu\u00e8 no \u00e9s el mateix treballar en parelles que en grups grans, triar lliurement o fer-ho per sorteig, cooperar o competir. Darrere de cada tipus d\u2019agrupaci\u00f3 hi ha una manera d\u2019entendre l\u2019aprenentatge, la conviv\u00e8ncia i el joc. <\/p>\n","protected":false},"author":4,"featured_media":3017,"comment_status":"closed","ping_status":"closed","sticky":false,"template":"","format":"standard","meta":{"_acf_changed":false,"inline_featured_image":false,"footnotes":""},"categories":[59],"tags":[],"class_list":["post-3016","post","type-post","status-publish","format-standard","has-post-thumbnail","hentry","category-educacio-fisica-i-cos-en-moviment"],"acf":[],"yoast_head":"<!-- This site is optimized with the Yoast SEO plugin v27.5 - https:\/\/yoast.com\/product\/yoast-seo-wordpress\/ -->\n<title>\u25b7Agrupar per aprendre: el valor de les din\u00e0miques a Educaci\u00f3 F\u00edsica - \u3010 Mireia Portero \u3011<\/title>\n<meta name=\"description\" content=\"A Educaci\u00f3 F\u00edsica, una de les decisions m\u00e9s importants -i sovint m\u00e9s invisibles- que prenem els docents \u00e9s com agrupem l\u2019alumnat. Perqu\u00e8 no \u00e9s el mateix treballar en parelles que en grups grans, triar lliurement o fer-ho per sorteig, cooperar o competir. Darrere de cada tipus d\u2019agrupaci\u00f3 hi ha una manera d\u2019entendre l\u2019aprenentatge, la conviv\u00e8ncia i el joc. \u2713\" \/>\n<meta name=\"robots\" content=\"index, follow, max-snippet:-1, max-image-preview:large, max-video-preview:-1\" \/>\n<link rel=\"canonical\" href=\"https:\/\/www.mireiaportero.com\/ca\/educacio-fisica-i-cos-en-moviment\/agrupar-per-aprendre-el-valor-de-les-dinamiques-a-educacio-fisica\/\" \/>\n<meta property=\"og:locale\" content=\"ca_ES\" \/>\n<meta property=\"og:type\" content=\"article\" \/>\n<meta property=\"og:title\" content=\"\u25b7Agrupar per aprendre: el valor de les din\u00e0miques a Educaci\u00f3 F\u00edsica - \u3010 Mireia Portero \u3011\" \/>\n<meta property=\"og:description\" content=\"A Educaci\u00f3 F\u00edsica, una de les decisions m\u00e9s importants -i sovint m\u00e9s invisibles- que prenem els docents \u00e9s com agrupem l\u2019alumnat. Perqu\u00e8 no \u00e9s el mateix treballar en parelles que en grups grans, triar lliurement o fer-ho per sorteig, cooperar o competir. Darrere de cada tipus d\u2019agrupaci\u00f3 hi ha una manera d\u2019entendre l\u2019aprenentatge, la conviv\u00e8ncia i el joc. \u2713\" \/>\n<meta property=\"og:url\" content=\"https:\/\/www.mireiaportero.com\/ca\/educacio-fisica-i-cos-en-moviment\/agrupar-per-aprendre-el-valor-de-les-dinamiques-a-educacio-fisica\/\" \/>\n<meta property=\"og:site_name\" content=\"Mireia Portero\" \/>\n<meta property=\"article:published_time\" content=\"2025-11-08T14:56:46+00:00\" \/>\n<meta property=\"article:modified_time\" content=\"2026-03-21T10:15:55+00:00\" \/>\n<meta property=\"og:image\" content=\"https:\/\/www.mireiaportero.com\/wp-content\/uploads\/2025\/11\/manos-femeninas-abrazandose-scaled.jpg\" \/>\n\t<meta property=\"og:image:width\" content=\"2560\" \/>\n\t<meta property=\"og:image:height\" content=\"1707\" \/>\n\t<meta property=\"og:image:type\" content=\"image\/jpeg\" \/>\n<meta name=\"author\" content=\"Mireia Portero\" \/>\n<meta name=\"twitter:card\" content=\"summary_large_image\" \/>\n<meta name=\"twitter:label1\" content=\"Escrit per\" \/>\n\t<meta name=\"twitter:data1\" content=\"Mireia Portero\" \/>\n\t<meta name=\"twitter:label2\" content=\"Temps estimat de lectura\" \/>\n\t<meta name=\"twitter:data2\" content=\"3 minuts\" \/>\n<script type=\"application\/ld+json\" class=\"yoast-schema-graph\">{\"@context\":\"https:\\\/\\\/schema.org\",\"@graph\":[{\"@type\":\"Article\",\"@id\":\"https:\\\/\\\/www.mireiaportero.com\\\/ca\\\/educacio-fisica-i-cos-en-moviment\\\/agrupar-per-aprendre-el-valor-de-les-dinamiques-a-educacio-fisica\\\/#article\",\"isPartOf\":{\"@id\":\"https:\\\/\\\/www.mireiaportero.com\\\/ca\\\/educacio-fisica-i-cos-en-moviment\\\/agrupar-per-aprendre-el-valor-de-les-dinamiques-a-educacio-fisica\\\/\"},\"author\":{\"name\":\"Mireia Portero\",\"@id\":\"https:\\\/\\\/www.mireiaportero.com\\\/ca\\\/#\\\/schema\\\/person\\\/d6e3835c0648fcdc0e66cd037bbab1e7\"},\"headline\":\"Agrupar per aprendre: el valor de les din\u00e0miques a Educaci\u00f3 F\u00edsica\",\"datePublished\":\"2025-11-08T14:56:46+00:00\",\"dateModified\":\"2026-03-21T10:15:55+00:00\",\"mainEntityOfPage\":{\"@id\":\"https:\\\/\\\/www.mireiaportero.com\\\/ca\\\/educacio-fisica-i-cos-en-moviment\\\/agrupar-per-aprendre-el-valor-de-les-dinamiques-a-educacio-fisica\\\/\"},\"wordCount\":563,\"image\":{\"@id\":\"https:\\\/\\\/www.mireiaportero.com\\\/ca\\\/educacio-fisica-i-cos-en-moviment\\\/agrupar-per-aprendre-el-valor-de-les-dinamiques-a-educacio-fisica\\\/#primaryimage\"},\"thumbnailUrl\":\"https:\\\/\\\/www.mireiaportero.com\\\/wp-content\\\/uploads\\\/2025\\\/11\\\/manos-femeninas-abrazandose-scaled.jpg\",\"articleSection\":[\"Educaci\u00f3 F\u00edsica i cos en moviment\"],\"inLanguage\":\"ca\"},{\"@type\":\"WebPage\",\"@id\":\"https:\\\/\\\/www.mireiaportero.com\\\/ca\\\/educacio-fisica-i-cos-en-moviment\\\/agrupar-per-aprendre-el-valor-de-les-dinamiques-a-educacio-fisica\\\/\",\"url\":\"https:\\\/\\\/www.mireiaportero.com\\\/ca\\\/educacio-fisica-i-cos-en-moviment\\\/agrupar-per-aprendre-el-valor-de-les-dinamiques-a-educacio-fisica\\\/\",\"name\":\"\u25b7Agrupar per aprendre: el valor de les din\u00e0miques a Educaci\u00f3 F\u00edsica - \u3010 Mireia Portero \u3011\",\"isPartOf\":{\"@id\":\"https:\\\/\\\/www.mireiaportero.com\\\/ca\\\/#website\"},\"primaryImageOfPage\":{\"@id\":\"https:\\\/\\\/www.mireiaportero.com\\\/ca\\\/educacio-fisica-i-cos-en-moviment\\\/agrupar-per-aprendre-el-valor-de-les-dinamiques-a-educacio-fisica\\\/#primaryimage\"},\"image\":{\"@id\":\"https:\\\/\\\/www.mireiaportero.com\\\/ca\\\/educacio-fisica-i-cos-en-moviment\\\/agrupar-per-aprendre-el-valor-de-les-dinamiques-a-educacio-fisica\\\/#primaryimage\"},\"thumbnailUrl\":\"https:\\\/\\\/www.mireiaportero.com\\\/wp-content\\\/uploads\\\/2025\\\/11\\\/manos-femeninas-abrazandose-scaled.jpg\",\"datePublished\":\"2025-11-08T14:56:46+00:00\",\"dateModified\":\"2026-03-21T10:15:55+00:00\",\"author\":{\"@id\":\"https:\\\/\\\/www.mireiaportero.com\\\/ca\\\/#\\\/schema\\\/person\\\/d6e3835c0648fcdc0e66cd037bbab1e7\"},\"description\":\"A Educaci\u00f3 F\u00edsica, una de les decisions m\u00e9s importants -i sovint m\u00e9s invisibles- que prenem els docents \u00e9s com agrupem l\u2019alumnat. Perqu\u00e8 no \u00e9s el mateix treballar en parelles que en grups grans, triar lliurement o fer-ho per sorteig, cooperar o competir. Darrere de cada tipus d\u2019agrupaci\u00f3 hi ha una manera d\u2019entendre l\u2019aprenentatge, la conviv\u00e8ncia i el joc. \u2713\",\"breadcrumb\":{\"@id\":\"https:\\\/\\\/www.mireiaportero.com\\\/ca\\\/educacio-fisica-i-cos-en-moviment\\\/agrupar-per-aprendre-el-valor-de-les-dinamiques-a-educacio-fisica\\\/#breadcrumb\"},\"inLanguage\":\"ca\",\"potentialAction\":[{\"@type\":\"ReadAction\",\"target\":[\"https:\\\/\\\/www.mireiaportero.com\\\/ca\\\/educacio-fisica-i-cos-en-moviment\\\/agrupar-per-aprendre-el-valor-de-les-dinamiques-a-educacio-fisica\\\/\"]}]},{\"@type\":\"ImageObject\",\"inLanguage\":\"ca\",\"@id\":\"https:\\\/\\\/www.mireiaportero.com\\\/ca\\\/educacio-fisica-i-cos-en-moviment\\\/agrupar-per-aprendre-el-valor-de-les-dinamiques-a-educacio-fisica\\\/#primaryimage\",\"url\":\"https:\\\/\\\/www.mireiaportero.com\\\/wp-content\\\/uploads\\\/2025\\\/11\\\/manos-femeninas-abrazandose-scaled.jpg\",\"contentUrl\":\"https:\\\/\\\/www.mireiaportero.com\\\/wp-content\\\/uploads\\\/2025\\\/11\\\/manos-femeninas-abrazandose-scaled.jpg\",\"width\":2560,\"height\":1707},{\"@type\":\"BreadcrumbList\",\"@id\":\"https:\\\/\\\/www.mireiaportero.com\\\/ca\\\/educacio-fisica-i-cos-en-moviment\\\/agrupar-per-aprendre-el-valor-de-les-dinamiques-a-educacio-fisica\\\/#breadcrumb\",\"itemListElement\":[{\"@type\":\"ListItem\",\"position\":1,\"name\":\"Portada\",\"item\":\"https:\\\/\\\/www.mireiaportero.com\\\/ca\\\/\"},{\"@type\":\"ListItem\",\"position\":2,\"name\":\"Agrupar per aprendre: el valor de les din\u00e0miques a Educaci\u00f3 F\u00edsica\"}]},{\"@type\":\"WebSite\",\"@id\":\"https:\\\/\\\/www.mireiaportero.com\\\/ca\\\/#website\",\"url\":\"https:\\\/\\\/www.mireiaportero.com\\\/ca\\\/\",\"name\":\"Mireia Portero\",\"description\":\"Educaci\u00f3n con sentido, desde dentro.\",\"potentialAction\":[{\"@type\":\"SearchAction\",\"target\":{\"@type\":\"EntryPoint\",\"urlTemplate\":\"https:\\\/\\\/www.mireiaportero.com\\\/ca\\\/?s={search_term_string}\"},\"query-input\":{\"@type\":\"PropertyValueSpecification\",\"valueRequired\":true,\"valueName\":\"search_term_string\"}}],\"inLanguage\":\"ca\"},{\"@type\":\"Person\",\"@id\":\"https:\\\/\\\/www.mireiaportero.com\\\/ca\\\/#\\\/schema\\\/person\\\/d6e3835c0648fcdc0e66cd037bbab1e7\",\"name\":\"Mireia Portero\",\"image\":{\"@type\":\"ImageObject\",\"inLanguage\":\"ca\",\"@id\":\"https:\\\/\\\/secure.gravatar.com\\\/avatar\\\/41c54dfdf0f4a3b60e13563e2c9c507f315a96cd04c3efc26ca3810d7a8ed884?s=96&d=mm&r=g\",\"url\":\"https:\\\/\\\/secure.gravatar.com\\\/avatar\\\/41c54dfdf0f4a3b60e13563e2c9c507f315a96cd04c3efc26ca3810d7a8ed884?s=96&d=mm&r=g\",\"contentUrl\":\"https:\\\/\\\/secure.gravatar.com\\\/avatar\\\/41c54dfdf0f4a3b60e13563e2c9c507f315a96cd04c3efc26ca3810d7a8ed884?s=96&d=mm&r=g\",\"caption\":\"Mireia Portero\"},\"sameAs\":[\"https:\\\/\\\/www.mireiaportero.com\\\/\"]}]}<\/script>\n<!-- \/ Yoast SEO plugin. -->","yoast_head_json":{"title":"\u25b7Agrupar per aprendre: el valor de les din\u00e0miques a Educaci\u00f3 F\u00edsica - \u3010 Mireia Portero \u3011","description":"A Educaci\u00f3 F\u00edsica, una de les decisions m\u00e9s importants -i sovint m\u00e9s invisibles- que prenem els docents \u00e9s com agrupem l\u2019alumnat. Perqu\u00e8 no \u00e9s el mateix treballar en parelles que en grups grans, triar lliurement o fer-ho per sorteig, cooperar o competir. Darrere de cada tipus d\u2019agrupaci\u00f3 hi ha una manera d\u2019entendre l\u2019aprenentatge, la conviv\u00e8ncia i el joc. \u2713","robots":{"index":"index","follow":"follow","max-snippet":"max-snippet:-1","max-image-preview":"max-image-preview:large","max-video-preview":"max-video-preview:-1"},"canonical":"https:\/\/www.mireiaportero.com\/ca\/educacio-fisica-i-cos-en-moviment\/agrupar-per-aprendre-el-valor-de-les-dinamiques-a-educacio-fisica\/","og_locale":"ca_ES","og_type":"article","og_title":"\u25b7Agrupar per aprendre: el valor de les din\u00e0miques a Educaci\u00f3 F\u00edsica - \u3010 Mireia Portero \u3011","og_description":"A Educaci\u00f3 F\u00edsica, una de les decisions m\u00e9s importants -i sovint m\u00e9s invisibles- que prenem els docents \u00e9s com agrupem l\u2019alumnat. Perqu\u00e8 no \u00e9s el mateix treballar en parelles que en grups grans, triar lliurement o fer-ho per sorteig, cooperar o competir. Darrere de cada tipus d\u2019agrupaci\u00f3 hi ha una manera d\u2019entendre l\u2019aprenentatge, la conviv\u00e8ncia i el joc. \u2713","og_url":"https:\/\/www.mireiaportero.com\/ca\/educacio-fisica-i-cos-en-moviment\/agrupar-per-aprendre-el-valor-de-les-dinamiques-a-educacio-fisica\/","og_site_name":"Mireia Portero","article_published_time":"2025-11-08T14:56:46+00:00","article_modified_time":"2026-03-21T10:15:55+00:00","og_image":[{"width":2560,"height":1707,"url":"https:\/\/www.mireiaportero.com\/wp-content\/uploads\/2025\/11\/manos-femeninas-abrazandose-scaled.jpg","type":"image\/jpeg"}],"author":"Mireia Portero","twitter_card":"summary_large_image","twitter_misc":{"Escrit per":"Mireia Portero","Temps estimat de lectura":"3 minuts"},"schema":{"@context":"https:\/\/schema.org","@graph":[{"@type":"Article","@id":"https:\/\/www.mireiaportero.com\/ca\/educacio-fisica-i-cos-en-moviment\/agrupar-per-aprendre-el-valor-de-les-dinamiques-a-educacio-fisica\/#article","isPartOf":{"@id":"https:\/\/www.mireiaportero.com\/ca\/educacio-fisica-i-cos-en-moviment\/agrupar-per-aprendre-el-valor-de-les-dinamiques-a-educacio-fisica\/"},"author":{"name":"Mireia Portero","@id":"https:\/\/www.mireiaportero.com\/ca\/#\/schema\/person\/d6e3835c0648fcdc0e66cd037bbab1e7"},"headline":"Agrupar per aprendre: el valor de les din\u00e0miques a Educaci\u00f3 F\u00edsica","datePublished":"2025-11-08T14:56:46+00:00","dateModified":"2026-03-21T10:15:55+00:00","mainEntityOfPage":{"@id":"https:\/\/www.mireiaportero.com\/ca\/educacio-fisica-i-cos-en-moviment\/agrupar-per-aprendre-el-valor-de-les-dinamiques-a-educacio-fisica\/"},"wordCount":563,"image":{"@id":"https:\/\/www.mireiaportero.com\/ca\/educacio-fisica-i-cos-en-moviment\/agrupar-per-aprendre-el-valor-de-les-dinamiques-a-educacio-fisica\/#primaryimage"},"thumbnailUrl":"https:\/\/www.mireiaportero.com\/wp-content\/uploads\/2025\/11\/manos-femeninas-abrazandose-scaled.jpg","articleSection":["Educaci\u00f3 F\u00edsica i cos en moviment"],"inLanguage":"ca"},{"@type":"WebPage","@id":"https:\/\/www.mireiaportero.com\/ca\/educacio-fisica-i-cos-en-moviment\/agrupar-per-aprendre-el-valor-de-les-dinamiques-a-educacio-fisica\/","url":"https:\/\/www.mireiaportero.com\/ca\/educacio-fisica-i-cos-en-moviment\/agrupar-per-aprendre-el-valor-de-les-dinamiques-a-educacio-fisica\/","name":"\u25b7Agrupar per aprendre: el valor de les din\u00e0miques a Educaci\u00f3 F\u00edsica - \u3010 Mireia Portero \u3011","isPartOf":{"@id":"https:\/\/www.mireiaportero.com\/ca\/#website"},"primaryImageOfPage":{"@id":"https:\/\/www.mireiaportero.com\/ca\/educacio-fisica-i-cos-en-moviment\/agrupar-per-aprendre-el-valor-de-les-dinamiques-a-educacio-fisica\/#primaryimage"},"image":{"@id":"https:\/\/www.mireiaportero.com\/ca\/educacio-fisica-i-cos-en-moviment\/agrupar-per-aprendre-el-valor-de-les-dinamiques-a-educacio-fisica\/#primaryimage"},"thumbnailUrl":"https:\/\/www.mireiaportero.com\/wp-content\/uploads\/2025\/11\/manos-femeninas-abrazandose-scaled.jpg","datePublished":"2025-11-08T14:56:46+00:00","dateModified":"2026-03-21T10:15:55+00:00","author":{"@id":"https:\/\/www.mireiaportero.com\/ca\/#\/schema\/person\/d6e3835c0648fcdc0e66cd037bbab1e7"},"description":"A Educaci\u00f3 F\u00edsica, una de les decisions m\u00e9s importants -i sovint m\u00e9s invisibles- que prenem els docents \u00e9s com agrupem l\u2019alumnat. Perqu\u00e8 no \u00e9s el mateix treballar en parelles que en grups grans, triar lliurement o fer-ho per sorteig, cooperar o competir. Darrere de cada tipus d\u2019agrupaci\u00f3 hi ha una manera d\u2019entendre l\u2019aprenentatge, la conviv\u00e8ncia i el joc. \u2713","breadcrumb":{"@id":"https:\/\/www.mireiaportero.com\/ca\/educacio-fisica-i-cos-en-moviment\/agrupar-per-aprendre-el-valor-de-les-dinamiques-a-educacio-fisica\/#breadcrumb"},"inLanguage":"ca","potentialAction":[{"@type":"ReadAction","target":["https:\/\/www.mireiaportero.com\/ca\/educacio-fisica-i-cos-en-moviment\/agrupar-per-aprendre-el-valor-de-les-dinamiques-a-educacio-fisica\/"]}]},{"@type":"ImageObject","inLanguage":"ca","@id":"https:\/\/www.mireiaportero.com\/ca\/educacio-fisica-i-cos-en-moviment\/agrupar-per-aprendre-el-valor-de-les-dinamiques-a-educacio-fisica\/#primaryimage","url":"https:\/\/www.mireiaportero.com\/wp-content\/uploads\/2025\/11\/manos-femeninas-abrazandose-scaled.jpg","contentUrl":"https:\/\/www.mireiaportero.com\/wp-content\/uploads\/2025\/11\/manos-femeninas-abrazandose-scaled.jpg","width":2560,"height":1707},{"@type":"BreadcrumbList","@id":"https:\/\/www.mireiaportero.com\/ca\/educacio-fisica-i-cos-en-moviment\/agrupar-per-aprendre-el-valor-de-les-dinamiques-a-educacio-fisica\/#breadcrumb","itemListElement":[{"@type":"ListItem","position":1,"name":"Portada","item":"https:\/\/www.mireiaportero.com\/ca\/"},{"@type":"ListItem","position":2,"name":"Agrupar per aprendre: el valor de les din\u00e0miques a Educaci\u00f3 F\u00edsica"}]},{"@type":"WebSite","@id":"https:\/\/www.mireiaportero.com\/ca\/#website","url":"https:\/\/www.mireiaportero.com\/ca\/","name":"Mireia Portero","description":"Educaci\u00f3n con sentido, desde dentro.","potentialAction":[{"@type":"SearchAction","target":{"@type":"EntryPoint","urlTemplate":"https:\/\/www.mireiaportero.com\/ca\/?s={search_term_string}"},"query-input":{"@type":"PropertyValueSpecification","valueRequired":true,"valueName":"search_term_string"}}],"inLanguage":"ca"},{"@type":"Person","@id":"https:\/\/www.mireiaportero.com\/ca\/#\/schema\/person\/d6e3835c0648fcdc0e66cd037bbab1e7","name":"Mireia Portero","image":{"@type":"ImageObject","inLanguage":"ca","@id":"https:\/\/secure.gravatar.com\/avatar\/41c54dfdf0f4a3b60e13563e2c9c507f315a96cd04c3efc26ca3810d7a8ed884?s=96&d=mm&r=g","url":"https:\/\/secure.gravatar.com\/avatar\/41c54dfdf0f4a3b60e13563e2c9c507f315a96cd04c3efc26ca3810d7a8ed884?s=96&d=mm&r=g","contentUrl":"https:\/\/secure.gravatar.com\/avatar\/41c54dfdf0f4a3b60e13563e2c9c507f315a96cd04c3efc26ca3810d7a8ed884?s=96&d=mm&r=g","caption":"Mireia Portero"},"sameAs":["https:\/\/www.mireiaportero.com\/"]}]}},"_links":{"self":[{"href":"https:\/\/www.mireiaportero.com\/ca\/wp-json\/wp\/v2\/posts\/3016","targetHints":{"allow":["GET"]}}],"collection":[{"href":"https:\/\/www.mireiaportero.com\/ca\/wp-json\/wp\/v2\/posts"}],"about":[{"href":"https:\/\/www.mireiaportero.com\/ca\/wp-json\/wp\/v2\/types\/post"}],"author":[{"embeddable":true,"href":"https:\/\/www.mireiaportero.com\/ca\/wp-json\/wp\/v2\/users\/4"}],"replies":[{"embeddable":true,"href":"https:\/\/www.mireiaportero.com\/ca\/wp-json\/wp\/v2\/comments?post=3016"}],"version-history":[{"count":2,"href":"https:\/\/www.mireiaportero.com\/ca\/wp-json\/wp\/v2\/posts\/3016\/revisions"}],"predecessor-version":[{"id":4122,"href":"https:\/\/www.mireiaportero.com\/ca\/wp-json\/wp\/v2\/posts\/3016\/revisions\/4122"}],"wp:featuredmedia":[{"embeddable":true,"href":"https:\/\/www.mireiaportero.com\/ca\/wp-json\/wp\/v2\/media\/3017"}],"wp:attachment":[{"href":"https:\/\/www.mireiaportero.com\/ca\/wp-json\/wp\/v2\/media?parent=3016"}],"wp:term":[{"taxonomy":"category","embeddable":true,"href":"https:\/\/www.mireiaportero.com\/ca\/wp-json\/wp\/v2\/categories?post=3016"},{"taxonomy":"post_tag","embeddable":true,"href":"https:\/\/www.mireiaportero.com\/ca\/wp-json\/wp\/v2\/tags?post=3016"}],"curies":[{"name":"wp","href":"https:\/\/api.w.org\/{rel}","templated":true}]}}