{"id":3093,"date":"2025-11-22T18:15:10","date_gmt":"2025-11-22T17:15:10","guid":{"rendered":"https:\/\/www.mireiaportero.com\/noticies\/explicar-qui-som-la-importancia-de-la-comunicacio-i-el-marqueting-als-centres-educatius\/"},"modified":"2026-03-21T11:15:24","modified_gmt":"2026-03-21T10:15:24","slug":"explicar-qui-som-la-importancia-de-la-comunicacio-i-el-marqueting-als-centres-educatius","status":"publish","type":"post","link":"https:\/\/www.mireiaportero.com\/ca\/lideratge-organitzacio-i-comunitat-educativa\/explicar-qui-som-la-importancia-de-la-comunicacio-i-el-marqueting-als-centres-educatius\/","title":{"rendered":"Explicar qui som: la import\u00e0ncia de la comunicaci\u00f3 i el m\u00e0rqueting als centres educatius"},"content":{"rendered":"\n<p><strong>L\u2019educaci\u00f3 tamb\u00e9 comunica<\/strong><\/p>\n\n<p>Cada correu, cada publicaci\u00f3, cada cartell de l\u2019escola\u2026 comunica.<br\/>La manera com obrim la porta a les fam\u00edlies, com responem un dubte o com mostrem un projecte diu molt m\u00e9s que qualsevol esl\u00f2gan.<br\/>Per aix\u00f2, comunicar no \u00e9s nom\u00e9s informar: <strong>\u00e9s transmetre identitat, valors i prop\u00f2sit.<\/strong><\/p>\n\n<p>Una escola sense una comunicaci\u00f3 clara corre el risc que siguin altres els qui expliquin la seva hist\u00f2ria.<br\/>I en un context tan saturat de missatges, ser aut\u00e8ntic, coherent i proper marca la difer\u00e8ncia.<\/p>\n\n<p><strong>Comunicaci\u00f3 i comunitat van de la m\u00e0<\/strong><\/p>\n\n<p>Una bona comunicaci\u00f3 educativa no consisteix a \u201cvendre\u201d l\u2019escola, sin\u00f3 a <strong>explicar qui som i per qu\u00e8 fem el que fem.<\/strong><br\/>\u00c9s obrir les portes del centre a les fam\u00edlies, al barri i al m\u00f3n.<br\/>\u00c9s crear vincles, no campanyes.<\/p>\n\n<p>Quan la comunicaci\u00f3 \u00e9s transparent, emp\u00e0tica i participativa:<\/p>\n\n<ul class=\"wp-block-list\">\n<li>Les fam\u00edlies se senten part del projecte.<br\/><\/li>\n\n\n\n<li>L\u2019alumnat s\u2019enorgulleix del seu centre.<br\/><\/li>\n\n\n\n<li>El claustre es cohesiona al voltant d\u2019una visi\u00f3 compartida.<br\/><\/li>\n<\/ul>\n\n<p><strong>El paper del m\u00e0rqueting educatiu<\/strong><\/p>\n\n<p>El m\u00e0rqueting educatiu no vol dir omplir les xarxes de fotos o frases inspiradores.<br\/>Significa tenir una <strong>estrat\u00e8gia de comunicaci\u00f3 amb sentit,<\/strong> alineada amb la identitat del centre i amb la seva missi\u00f3 pedag\u00f2gica.<br\/>Algunes claus essencials:<\/p>\n\n<ul class=\"wp-block-list\">\n<li><strong>Coher\u00e8ncia:<\/strong> all\u00f2 que es comunica ha de reflectir el que realment passa a l\u2019aula.<br\/><\/li>\n\n\n\n<li><strong>Proximitat:<\/strong> el to importa. Humanitzar l\u2019escola genera confian\u00e7a. <br\/><\/li>\n\n\n\n<li><strong>Const\u00e0ncia:<\/strong> comunicar no \u00e9s un acte puntual, \u00e9s part del dia a dia.<br\/><\/li>\n\n\n\n<li><strong>Escolta activa: <\/strong>la comunicaci\u00f3 no nom\u00e9s transmet, tamb\u00e9 escolta.<br\/><\/li>\n<\/ul>\n\n<p><strong>Exemples reals d\u2019impacte<\/strong><\/p>\n\n<p>He viscut com una comunicaci\u00f3 cuidada transforma la percepci\u00f3 d\u2019un centre educatiu:<br\/>quan es comparteixen les bones pr\u00e0ctiques, quan es visibilitza la innovaci\u00f3 o quan es dona veu a l\u2019alumnat i al professorat, l\u2019escola esdev\u00e9 m\u00e9s oberta, moderna i humana.<\/p>\n\n<p>Accions com presentar els projectes d\u2019aula amb v\u00eddeos breus, mostrar el dia a dia a les xarxes amb transpar\u00e8ncia o implicar les fam\u00edlies en accions conjuntes <strong>reforcen el sentiment de pertinen\u00e7a i la credibilitat.<\/strong><\/p>\n\n<p><strong>Comunicar tamb\u00e9 educa<\/strong><\/p>\n\n<p>La comunicaci\u00f3 educativa no \u00e9s un afegit: <strong>\u00e9s part del projecte pedag\u00f2gic.<\/strong><br\/>Comunicar amb autenticitat, amb prop\u00f2sit i amb emoci\u00f3 tamb\u00e9 \u00e9s educar.<br\/>Perqu\u00e8, al final, all\u00f2 que mostrem al m\u00f3n no s\u00f3n nom\u00e9s activitats o assoliments, sin\u00f3 una manera d\u2019entendre l\u2019educaci\u00f3: <strong>humana, oberta i coherent amb els nostres valors.<\/strong><\/p>\n\n<p>Pots con\u00e8ixer altres experi\u00e8ncies i projectes als meus perfils de <a href=\"https:\/\/wakelet.com\/wake\/aWzEzWWVWd6VzgSjLdPVz\">Wakelet<\/a> y<a href=\"https:\/\/x.com\/MireiaPortero5\"> Twitter\/X<\/a>.<br\/><\/p>\n","protected":false},"excerpt":{"rendered":"<p>Durant molt de temps, parlar de \u201cm\u00e0rqueting\u201d en educaci\u00f3 generava rebuig.<br \/>\nSemblava un concepte ali\u00e8 a l\u2019aula, propi del m\u00f3n empresarial. Per\u00f2 avui sabem que la comunicaci\u00f3 i el m\u00e0rqueting educatiu no s\u00f3n una moda, sin\u00f3 una necessitat: una eina per compartir el que fem, generar confian\u00e7a i construir comunitat. <\/p>\n","protected":false},"author":4,"featured_media":3094,"comment_status":"closed","ping_status":"closed","sticky":false,"template":"","format":"standard","meta":{"_acf_changed":false,"inline_featured_image":false,"footnotes":""},"categories":[60],"tags":[],"class_list":["post-3093","post","type-post","status-publish","format-standard","has-post-thumbnail","hentry","category-lideratge-organitzacio-i-comunitat-educativa"],"acf":[],"yoast_head":"<!-- This site is optimized with the Yoast SEO plugin v27.5 - https:\/\/yoast.com\/product\/yoast-seo-wordpress\/ -->\n<title>\u25b7Explicar qui som: la import\u00e0ncia de la comunicaci\u00f3 i el m\u00e0rqueting als centres educatius - \u3010 Mireia Portero \u3011<\/title>\n<meta name=\"description\" content=\"Durant molt de temps, parlar de \u201cm\u00e0rqueting\u201d en educaci\u00f3 generava rebuig. Semblava un concepte ali\u00e8 a l\u2019aula, propi del m\u00f3n empresarial. Per\u00f2 avui sabem que la comunicaci\u00f3 i el m\u00e0rqueting educatiu no s\u00f3n una moda, sin\u00f3 una necessitat: una eina per compartir el que fem, generar confian\u00e7a i construir comunitat. \u2713\" \/>\n<meta name=\"robots\" content=\"index, follow, max-snippet:-1, max-image-preview:large, max-video-preview:-1\" \/>\n<link rel=\"canonical\" href=\"https:\/\/www.mireiaportero.com\/ca\/lideratge-organitzacio-i-comunitat-educativa\/explicar-qui-som-la-importancia-de-la-comunicacio-i-el-marqueting-als-centres-educatius\/\" \/>\n<meta property=\"og:locale\" content=\"ca_ES\" \/>\n<meta property=\"og:type\" content=\"article\" \/>\n<meta property=\"og:title\" content=\"\u25b7Explicar qui som: la import\u00e0ncia de la comunicaci\u00f3 i el m\u00e0rqueting als centres educatius - \u3010 Mireia Portero \u3011\" \/>\n<meta property=\"og:description\" content=\"Durant molt de temps, parlar de \u201cm\u00e0rqueting\u201d en educaci\u00f3 generava rebuig. Semblava un concepte ali\u00e8 a l\u2019aula, propi del m\u00f3n empresarial. Per\u00f2 avui sabem que la comunicaci\u00f3 i el m\u00e0rqueting educatiu no s\u00f3n una moda, sin\u00f3 una necessitat: una eina per compartir el que fem, generar confian\u00e7a i construir comunitat. \u2713\" \/>\n<meta property=\"og:url\" content=\"https:\/\/www.mireiaportero.com\/ca\/lideratge-organitzacio-i-comunitat-educativa\/explicar-qui-som-la-importancia-de-la-comunicacio-i-el-marqueting-als-centres-educatius\/\" \/>\n<meta property=\"og:site_name\" content=\"Mireia Portero\" \/>\n<meta property=\"article:published_time\" content=\"2025-11-22T17:15:10+00:00\" \/>\n<meta property=\"article:modified_time\" content=\"2026-03-21T10:15:24+00:00\" \/>\n<meta property=\"og:image\" content=\"https:\/\/www.mireiaportero.com\/wp-content\/uploads\/2025\/11\/retrato-de-jovenes-con-globo-scaled.jpg\" \/>\n\t<meta property=\"og:image:width\" content=\"2560\" \/>\n\t<meta property=\"og:image:height\" content=\"1707\" \/>\n\t<meta property=\"og:image:type\" content=\"image\/jpeg\" \/>\n<meta name=\"author\" content=\"Mireia Portero\" \/>\n<meta name=\"twitter:card\" content=\"summary_large_image\" \/>\n<meta name=\"twitter:label1\" content=\"Escrit per\" \/>\n\t<meta name=\"twitter:data1\" content=\"Mireia Portero\" \/>\n\t<meta name=\"twitter:label2\" content=\"Temps estimat de lectura\" \/>\n\t<meta name=\"twitter:data2\" content=\"2 minuts\" \/>\n<script type=\"application\/ld+json\" class=\"yoast-schema-graph\">{\"@context\":\"https:\\\/\\\/schema.org\",\"@graph\":[{\"@type\":\"Article\",\"@id\":\"https:\\\/\\\/www.mireiaportero.com\\\/ca\\\/lideratge-organitzacio-i-comunitat-educativa\\\/explicar-qui-som-la-importancia-de-la-comunicacio-i-el-marqueting-als-centres-educatius\\\/#article\",\"isPartOf\":{\"@id\":\"https:\\\/\\\/www.mireiaportero.com\\\/ca\\\/lideratge-organitzacio-i-comunitat-educativa\\\/explicar-qui-som-la-importancia-de-la-comunicacio-i-el-marqueting-als-centres-educatius\\\/\"},\"author\":{\"name\":\"Mireia Portero\",\"@id\":\"https:\\\/\\\/www.mireiaportero.com\\\/ca\\\/#\\\/schema\\\/person\\\/d6e3835c0648fcdc0e66cd037bbab1e7\"},\"headline\":\"Explicar qui som: la import\u00e0ncia de la comunicaci\u00f3 i el m\u00e0rqueting als centres educatius\",\"datePublished\":\"2025-11-22T17:15:10+00:00\",\"dateModified\":\"2026-03-21T10:15:24+00:00\",\"mainEntityOfPage\":{\"@id\":\"https:\\\/\\\/www.mireiaportero.com\\\/ca\\\/lideratge-organitzacio-i-comunitat-educativa\\\/explicar-qui-som-la-importancia-de-la-comunicacio-i-el-marqueting-als-centres-educatius\\\/\"},\"wordCount\":453,\"image\":{\"@id\":\"https:\\\/\\\/www.mireiaportero.com\\\/ca\\\/lideratge-organitzacio-i-comunitat-educativa\\\/explicar-qui-som-la-importancia-de-la-comunicacio-i-el-marqueting-als-centres-educatius\\\/#primaryimage\"},\"thumbnailUrl\":\"https:\\\/\\\/www.mireiaportero.com\\\/wp-content\\\/uploads\\\/2025\\\/11\\\/retrato-de-jovenes-con-globo-scaled.jpg\",\"articleSection\":[\"Lideratge, organitzaci\u00f3 i comunitat educativa\"],\"inLanguage\":\"ca\"},{\"@type\":\"WebPage\",\"@id\":\"https:\\\/\\\/www.mireiaportero.com\\\/ca\\\/lideratge-organitzacio-i-comunitat-educativa\\\/explicar-qui-som-la-importancia-de-la-comunicacio-i-el-marqueting-als-centres-educatius\\\/\",\"url\":\"https:\\\/\\\/www.mireiaportero.com\\\/ca\\\/lideratge-organitzacio-i-comunitat-educativa\\\/explicar-qui-som-la-importancia-de-la-comunicacio-i-el-marqueting-als-centres-educatius\\\/\",\"name\":\"\u25b7Explicar qui som: la import\u00e0ncia de la comunicaci\u00f3 i el m\u00e0rqueting als centres educatius - \u3010 Mireia Portero \u3011\",\"isPartOf\":{\"@id\":\"https:\\\/\\\/www.mireiaportero.com\\\/ca\\\/#website\"},\"primaryImageOfPage\":{\"@id\":\"https:\\\/\\\/www.mireiaportero.com\\\/ca\\\/lideratge-organitzacio-i-comunitat-educativa\\\/explicar-qui-som-la-importancia-de-la-comunicacio-i-el-marqueting-als-centres-educatius\\\/#primaryimage\"},\"image\":{\"@id\":\"https:\\\/\\\/www.mireiaportero.com\\\/ca\\\/lideratge-organitzacio-i-comunitat-educativa\\\/explicar-qui-som-la-importancia-de-la-comunicacio-i-el-marqueting-als-centres-educatius\\\/#primaryimage\"},\"thumbnailUrl\":\"https:\\\/\\\/www.mireiaportero.com\\\/wp-content\\\/uploads\\\/2025\\\/11\\\/retrato-de-jovenes-con-globo-scaled.jpg\",\"datePublished\":\"2025-11-22T17:15:10+00:00\",\"dateModified\":\"2026-03-21T10:15:24+00:00\",\"author\":{\"@id\":\"https:\\\/\\\/www.mireiaportero.com\\\/ca\\\/#\\\/schema\\\/person\\\/d6e3835c0648fcdc0e66cd037bbab1e7\"},\"description\":\"Durant molt de temps, parlar de \u201cm\u00e0rqueting\u201d en educaci\u00f3 generava rebuig. Semblava un concepte ali\u00e8 a l\u2019aula, propi del m\u00f3n empresarial. Per\u00f2 avui sabem que la comunicaci\u00f3 i el m\u00e0rqueting educatiu no s\u00f3n una moda, sin\u00f3 una necessitat: una eina per compartir el que fem, generar confian\u00e7a i construir comunitat. \u2713\",\"breadcrumb\":{\"@id\":\"https:\\\/\\\/www.mireiaportero.com\\\/ca\\\/lideratge-organitzacio-i-comunitat-educativa\\\/explicar-qui-som-la-importancia-de-la-comunicacio-i-el-marqueting-als-centres-educatius\\\/#breadcrumb\"},\"inLanguage\":\"ca\",\"potentialAction\":[{\"@type\":\"ReadAction\",\"target\":[\"https:\\\/\\\/www.mireiaportero.com\\\/ca\\\/lideratge-organitzacio-i-comunitat-educativa\\\/explicar-qui-som-la-importancia-de-la-comunicacio-i-el-marqueting-als-centres-educatius\\\/\"]}]},{\"@type\":\"ImageObject\",\"inLanguage\":\"ca\",\"@id\":\"https:\\\/\\\/www.mireiaportero.com\\\/ca\\\/lideratge-organitzacio-i-comunitat-educativa\\\/explicar-qui-som-la-importancia-de-la-comunicacio-i-el-marqueting-als-centres-educatius\\\/#primaryimage\",\"url\":\"https:\\\/\\\/www.mireiaportero.com\\\/wp-content\\\/uploads\\\/2025\\\/11\\\/retrato-de-jovenes-con-globo-scaled.jpg\",\"contentUrl\":\"https:\\\/\\\/www.mireiaportero.com\\\/wp-content\\\/uploads\\\/2025\\\/11\\\/retrato-de-jovenes-con-globo-scaled.jpg\",\"width\":2560,\"height\":1707},{\"@type\":\"BreadcrumbList\",\"@id\":\"https:\\\/\\\/www.mireiaportero.com\\\/ca\\\/lideratge-organitzacio-i-comunitat-educativa\\\/explicar-qui-som-la-importancia-de-la-comunicacio-i-el-marqueting-als-centres-educatius\\\/#breadcrumb\",\"itemListElement\":[{\"@type\":\"ListItem\",\"position\":1,\"name\":\"Portada\",\"item\":\"https:\\\/\\\/www.mireiaportero.com\\\/ca\\\/\"},{\"@type\":\"ListItem\",\"position\":2,\"name\":\"Explicar qui som: la import\u00e0ncia de la comunicaci\u00f3 i el m\u00e0rqueting als centres educatius\"}]},{\"@type\":\"WebSite\",\"@id\":\"https:\\\/\\\/www.mireiaportero.com\\\/ca\\\/#website\",\"url\":\"https:\\\/\\\/www.mireiaportero.com\\\/ca\\\/\",\"name\":\"Mireia Portero\",\"description\":\"Educaci\u00f3n con sentido, desde dentro.\",\"potentialAction\":[{\"@type\":\"SearchAction\",\"target\":{\"@type\":\"EntryPoint\",\"urlTemplate\":\"https:\\\/\\\/www.mireiaportero.com\\\/ca\\\/?s={search_term_string}\"},\"query-input\":{\"@type\":\"PropertyValueSpecification\",\"valueRequired\":true,\"valueName\":\"search_term_string\"}}],\"inLanguage\":\"ca\"},{\"@type\":\"Person\",\"@id\":\"https:\\\/\\\/www.mireiaportero.com\\\/ca\\\/#\\\/schema\\\/person\\\/d6e3835c0648fcdc0e66cd037bbab1e7\",\"name\":\"Mireia Portero\",\"image\":{\"@type\":\"ImageObject\",\"inLanguage\":\"ca\",\"@id\":\"https:\\\/\\\/secure.gravatar.com\\\/avatar\\\/41c54dfdf0f4a3b60e13563e2c9c507f315a96cd04c3efc26ca3810d7a8ed884?s=96&d=mm&r=g\",\"url\":\"https:\\\/\\\/secure.gravatar.com\\\/avatar\\\/41c54dfdf0f4a3b60e13563e2c9c507f315a96cd04c3efc26ca3810d7a8ed884?s=96&d=mm&r=g\",\"contentUrl\":\"https:\\\/\\\/secure.gravatar.com\\\/avatar\\\/41c54dfdf0f4a3b60e13563e2c9c507f315a96cd04c3efc26ca3810d7a8ed884?s=96&d=mm&r=g\",\"caption\":\"Mireia Portero\"},\"sameAs\":[\"https:\\\/\\\/www.mireiaportero.com\\\/\"]}]}<\/script>\n<!-- \/ Yoast SEO plugin. -->","yoast_head_json":{"title":"\u25b7Explicar qui som: la import\u00e0ncia de la comunicaci\u00f3 i el m\u00e0rqueting als centres educatius - \u3010 Mireia Portero \u3011","description":"Durant molt de temps, parlar de \u201cm\u00e0rqueting\u201d en educaci\u00f3 generava rebuig. Semblava un concepte ali\u00e8 a l\u2019aula, propi del m\u00f3n empresarial. Per\u00f2 avui sabem que la comunicaci\u00f3 i el m\u00e0rqueting educatiu no s\u00f3n una moda, sin\u00f3 una necessitat: una eina per compartir el que fem, generar confian\u00e7a i construir comunitat. \u2713","robots":{"index":"index","follow":"follow","max-snippet":"max-snippet:-1","max-image-preview":"max-image-preview:large","max-video-preview":"max-video-preview:-1"},"canonical":"https:\/\/www.mireiaportero.com\/ca\/lideratge-organitzacio-i-comunitat-educativa\/explicar-qui-som-la-importancia-de-la-comunicacio-i-el-marqueting-als-centres-educatius\/","og_locale":"ca_ES","og_type":"article","og_title":"\u25b7Explicar qui som: la import\u00e0ncia de la comunicaci\u00f3 i el m\u00e0rqueting als centres educatius - \u3010 Mireia Portero \u3011","og_description":"Durant molt de temps, parlar de \u201cm\u00e0rqueting\u201d en educaci\u00f3 generava rebuig. Semblava un concepte ali\u00e8 a l\u2019aula, propi del m\u00f3n empresarial. Per\u00f2 avui sabem que la comunicaci\u00f3 i el m\u00e0rqueting educatiu no s\u00f3n una moda, sin\u00f3 una necessitat: una eina per compartir el que fem, generar confian\u00e7a i construir comunitat. \u2713","og_url":"https:\/\/www.mireiaportero.com\/ca\/lideratge-organitzacio-i-comunitat-educativa\/explicar-qui-som-la-importancia-de-la-comunicacio-i-el-marqueting-als-centres-educatius\/","og_site_name":"Mireia Portero","article_published_time":"2025-11-22T17:15:10+00:00","article_modified_time":"2026-03-21T10:15:24+00:00","og_image":[{"width":2560,"height":1707,"url":"https:\/\/www.mireiaportero.com\/wp-content\/uploads\/2025\/11\/retrato-de-jovenes-con-globo-scaled.jpg","type":"image\/jpeg"}],"author":"Mireia Portero","twitter_card":"summary_large_image","twitter_misc":{"Escrit per":"Mireia Portero","Temps estimat de lectura":"2 minuts"},"schema":{"@context":"https:\/\/schema.org","@graph":[{"@type":"Article","@id":"https:\/\/www.mireiaportero.com\/ca\/lideratge-organitzacio-i-comunitat-educativa\/explicar-qui-som-la-importancia-de-la-comunicacio-i-el-marqueting-als-centres-educatius\/#article","isPartOf":{"@id":"https:\/\/www.mireiaportero.com\/ca\/lideratge-organitzacio-i-comunitat-educativa\/explicar-qui-som-la-importancia-de-la-comunicacio-i-el-marqueting-als-centres-educatius\/"},"author":{"name":"Mireia Portero","@id":"https:\/\/www.mireiaportero.com\/ca\/#\/schema\/person\/d6e3835c0648fcdc0e66cd037bbab1e7"},"headline":"Explicar qui som: la import\u00e0ncia de la comunicaci\u00f3 i el m\u00e0rqueting als centres educatius","datePublished":"2025-11-22T17:15:10+00:00","dateModified":"2026-03-21T10:15:24+00:00","mainEntityOfPage":{"@id":"https:\/\/www.mireiaportero.com\/ca\/lideratge-organitzacio-i-comunitat-educativa\/explicar-qui-som-la-importancia-de-la-comunicacio-i-el-marqueting-als-centres-educatius\/"},"wordCount":453,"image":{"@id":"https:\/\/www.mireiaportero.com\/ca\/lideratge-organitzacio-i-comunitat-educativa\/explicar-qui-som-la-importancia-de-la-comunicacio-i-el-marqueting-als-centres-educatius\/#primaryimage"},"thumbnailUrl":"https:\/\/www.mireiaportero.com\/wp-content\/uploads\/2025\/11\/retrato-de-jovenes-con-globo-scaled.jpg","articleSection":["Lideratge, organitzaci\u00f3 i comunitat educativa"],"inLanguage":"ca"},{"@type":"WebPage","@id":"https:\/\/www.mireiaportero.com\/ca\/lideratge-organitzacio-i-comunitat-educativa\/explicar-qui-som-la-importancia-de-la-comunicacio-i-el-marqueting-als-centres-educatius\/","url":"https:\/\/www.mireiaportero.com\/ca\/lideratge-organitzacio-i-comunitat-educativa\/explicar-qui-som-la-importancia-de-la-comunicacio-i-el-marqueting-als-centres-educatius\/","name":"\u25b7Explicar qui som: la import\u00e0ncia de la comunicaci\u00f3 i el m\u00e0rqueting als centres educatius - \u3010 Mireia Portero \u3011","isPartOf":{"@id":"https:\/\/www.mireiaportero.com\/ca\/#website"},"primaryImageOfPage":{"@id":"https:\/\/www.mireiaportero.com\/ca\/lideratge-organitzacio-i-comunitat-educativa\/explicar-qui-som-la-importancia-de-la-comunicacio-i-el-marqueting-als-centres-educatius\/#primaryimage"},"image":{"@id":"https:\/\/www.mireiaportero.com\/ca\/lideratge-organitzacio-i-comunitat-educativa\/explicar-qui-som-la-importancia-de-la-comunicacio-i-el-marqueting-als-centres-educatius\/#primaryimage"},"thumbnailUrl":"https:\/\/www.mireiaportero.com\/wp-content\/uploads\/2025\/11\/retrato-de-jovenes-con-globo-scaled.jpg","datePublished":"2025-11-22T17:15:10+00:00","dateModified":"2026-03-21T10:15:24+00:00","author":{"@id":"https:\/\/www.mireiaportero.com\/ca\/#\/schema\/person\/d6e3835c0648fcdc0e66cd037bbab1e7"},"description":"Durant molt de temps, parlar de \u201cm\u00e0rqueting\u201d en educaci\u00f3 generava rebuig. Semblava un concepte ali\u00e8 a l\u2019aula, propi del m\u00f3n empresarial. Per\u00f2 avui sabem que la comunicaci\u00f3 i el m\u00e0rqueting educatiu no s\u00f3n una moda, sin\u00f3 una necessitat: una eina per compartir el que fem, generar confian\u00e7a i construir comunitat. \u2713","breadcrumb":{"@id":"https:\/\/www.mireiaportero.com\/ca\/lideratge-organitzacio-i-comunitat-educativa\/explicar-qui-som-la-importancia-de-la-comunicacio-i-el-marqueting-als-centres-educatius\/#breadcrumb"},"inLanguage":"ca","potentialAction":[{"@type":"ReadAction","target":["https:\/\/www.mireiaportero.com\/ca\/lideratge-organitzacio-i-comunitat-educativa\/explicar-qui-som-la-importancia-de-la-comunicacio-i-el-marqueting-als-centres-educatius\/"]}]},{"@type":"ImageObject","inLanguage":"ca","@id":"https:\/\/www.mireiaportero.com\/ca\/lideratge-organitzacio-i-comunitat-educativa\/explicar-qui-som-la-importancia-de-la-comunicacio-i-el-marqueting-als-centres-educatius\/#primaryimage","url":"https:\/\/www.mireiaportero.com\/wp-content\/uploads\/2025\/11\/retrato-de-jovenes-con-globo-scaled.jpg","contentUrl":"https:\/\/www.mireiaportero.com\/wp-content\/uploads\/2025\/11\/retrato-de-jovenes-con-globo-scaled.jpg","width":2560,"height":1707},{"@type":"BreadcrumbList","@id":"https:\/\/www.mireiaportero.com\/ca\/lideratge-organitzacio-i-comunitat-educativa\/explicar-qui-som-la-importancia-de-la-comunicacio-i-el-marqueting-als-centres-educatius\/#breadcrumb","itemListElement":[{"@type":"ListItem","position":1,"name":"Portada","item":"https:\/\/www.mireiaportero.com\/ca\/"},{"@type":"ListItem","position":2,"name":"Explicar qui som: la import\u00e0ncia de la comunicaci\u00f3 i el m\u00e0rqueting als centres educatius"}]},{"@type":"WebSite","@id":"https:\/\/www.mireiaportero.com\/ca\/#website","url":"https:\/\/www.mireiaportero.com\/ca\/","name":"Mireia Portero","description":"Educaci\u00f3n con sentido, desde dentro.","potentialAction":[{"@type":"SearchAction","target":{"@type":"EntryPoint","urlTemplate":"https:\/\/www.mireiaportero.com\/ca\/?s={search_term_string}"},"query-input":{"@type":"PropertyValueSpecification","valueRequired":true,"valueName":"search_term_string"}}],"inLanguage":"ca"},{"@type":"Person","@id":"https:\/\/www.mireiaportero.com\/ca\/#\/schema\/person\/d6e3835c0648fcdc0e66cd037bbab1e7","name":"Mireia Portero","image":{"@type":"ImageObject","inLanguage":"ca","@id":"https:\/\/secure.gravatar.com\/avatar\/41c54dfdf0f4a3b60e13563e2c9c507f315a96cd04c3efc26ca3810d7a8ed884?s=96&d=mm&r=g","url":"https:\/\/secure.gravatar.com\/avatar\/41c54dfdf0f4a3b60e13563e2c9c507f315a96cd04c3efc26ca3810d7a8ed884?s=96&d=mm&r=g","contentUrl":"https:\/\/secure.gravatar.com\/avatar\/41c54dfdf0f4a3b60e13563e2c9c507f315a96cd04c3efc26ca3810d7a8ed884?s=96&d=mm&r=g","caption":"Mireia Portero"},"sameAs":["https:\/\/www.mireiaportero.com\/"]}]}},"_links":{"self":[{"href":"https:\/\/www.mireiaportero.com\/ca\/wp-json\/wp\/v2\/posts\/3093","targetHints":{"allow":["GET"]}}],"collection":[{"href":"https:\/\/www.mireiaportero.com\/ca\/wp-json\/wp\/v2\/posts"}],"about":[{"href":"https:\/\/www.mireiaportero.com\/ca\/wp-json\/wp\/v2\/types\/post"}],"author":[{"embeddable":true,"href":"https:\/\/www.mireiaportero.com\/ca\/wp-json\/wp\/v2\/users\/4"}],"replies":[{"embeddable":true,"href":"https:\/\/www.mireiaportero.com\/ca\/wp-json\/wp\/v2\/comments?post=3093"}],"version-history":[{"count":1,"href":"https:\/\/www.mireiaportero.com\/ca\/wp-json\/wp\/v2\/posts\/3093\/revisions"}],"predecessor-version":[{"id":3095,"href":"https:\/\/www.mireiaportero.com\/ca\/wp-json\/wp\/v2\/posts\/3093\/revisions\/3095"}],"wp:featuredmedia":[{"embeddable":true,"href":"https:\/\/www.mireiaportero.com\/ca\/wp-json\/wp\/v2\/media\/3094"}],"wp:attachment":[{"href":"https:\/\/www.mireiaportero.com\/ca\/wp-json\/wp\/v2\/media?parent=3093"}],"wp:term":[{"taxonomy":"category","embeddable":true,"href":"https:\/\/www.mireiaportero.com\/ca\/wp-json\/wp\/v2\/categories?post=3093"},{"taxonomy":"post_tag","embeddable":true,"href":"https:\/\/www.mireiaportero.com\/ca\/wp-json\/wp\/v2\/tags?post=3093"}],"curies":[{"name":"wp","href":"https:\/\/api.w.org\/{rel}","templated":true}]}}