{"id":3685,"date":"2026-05-02T09:00:39","date_gmt":"2026-05-02T07:00:39","guid":{"rendered":"https:\/\/www.mireiaportero.com\/noticies\/educar-en-la-incertesa-ensenyar-quan-no-tenim-totes-les-respostes\/"},"modified":"2025-12-29T12:33:16","modified_gmt":"2025-12-29T11:33:16","slug":"educar-en-la-incertesa-ensenyar-quan-no-tenim-totes-les-respostes","status":"publish","type":"post","link":"https:\/\/www.mireiaportero.com\/ca\/desenvolupament-personal-i-docent\/educar-en-la-incertesa-ensenyar-quan-no-tenim-totes-les-respostes\/","title":{"rendered":"Educar en la incertesa: ensenyar quan no tenim totes les respostes"},"content":{"rendered":"\n<p>Un m\u00f3n que canvia m\u00e9s r\u00e0pid que els manuals<\/p>\n\n<p>La tecnologia, la intel\u00b7lig\u00e8ncia artificial, els canvis socials, els reptes ambientals i les transformacions laborals avancen a un ritme que cap curr\u00edculum pot anticipar completament. El que avui \u00e9s v\u00e0lid, dem\u00e0 pot quedar obsolet. El que avui funciona, dem\u00e0 necessita revisar-se.  <\/p>\n\n<p>Pretendre educar des de la certesa absoluta en aquest context genera una tensi\u00f3 constant: la sensaci\u00f3 d\u2019anar sempre tard, de no arribar, de no saber prou.<\/p>\n\n<p>Per\u00f2 potser el problema no \u00e9s la manca de respostes, sin\u00f3 la <strong>por a recon\u00e8ixer-ho.<\/strong><\/p>\n\n<p>Educar des de la pregunta, no des de la falsa seguretat<\/p>\n\n<p>Acceptar la incertesa implica canviar el focus. Passar de transmetre respostes tancades a <strong>ensenyar a formular bones preguntes. <\/strong>A dubtar amb criteri. A contrastar informaci\u00f3. A conviure amb la complexitat sense paralitzar-se.    <\/p>\n\n<p>Quan el docent es permet dir \u201cno ho s\u00e9, ho investiguem plegats\u201d, obre un espai educatiu molt potent. L\u2019alumnat apr\u00e8n que aprendre no \u00e9s repetir certeses, sin\u00f3 construir coneixement de manera cr\u00edtica i compartida. <\/p>\n\n<p>En un m\u00f3n ple de respostes autom\u00e0tiques, educar en la pregunta \u00e9s un acte profundament educatiu.<\/p>\n\n<p>L\u2019error com a part de l\u2019aprenentatge<\/p>\n\n<p>Educar en la incertesa tamb\u00e9 implica reconciliar-nos amb l\u2019error. No com un frac\u00e0s, sin\u00f3 com a part del proc\u00e9s. Com a informaci\u00f3. Com una oportunitat per ajustar, millorar i tornar-ho a intentar.   <\/p>\n\n<p>Si el docent no pot equivocar-se, l\u2019alumnat tampoc s\u2019ho permetr\u00e0. I aleshores l\u2019aprenentatge esdev\u00e9 superficial, defensiu i basat en la por. <\/p>\n\n<p>Acceptar que no tot surt b\u00e9, que les propostes s\u2019ajusten sobre la marxa i que l\u2019aprenentatge no sempre \u00e9s lineal \u00e9s clau per educar amb honestedat.<\/p>\n\n<p>La IA i el repte d\u2019educar sense respostes \u00faniques<\/p>\n\n<p>La intel\u00b7lig\u00e8ncia artificial ha posat encara m\u00e9s en evid\u00e8ncia aquesta realitat. Avui una m\u00e0quina pot generar respostes r\u00e0pides, ben formulades i aparentment correctes. Per\u00f2 aix\u00f2 no vol dir que aquestes respostes siguin sempre adequades, \u00e8tiques o contextualitzades.  <\/p>\n\n<p>En aquest escenari, el valor del docent no \u00e9s competir amb la IA, sin\u00f3 <strong>ensenyar a pensar sobre all\u00f2 que la IA ofereix.<\/strong> A q\u00fcestionar, a contextualitzar, a decidir quan una resposta serveix i quan no. <\/p>\n\n<p>Educar en la incertesa \u00e9s tamb\u00e9 educar per conviure amb tecnologies que no controlem del tot, per\u00f2 que hem d\u2019aprendre a utilitzar amb criteri.<\/p>\n\n<p>El rol del docent com a acompanyant<\/p>\n\n<p>En aquest context, el docent deixa de ser qui \u201cho sap tot\u201d per convertir-se en alg\u00fa que acompanya processos. Que guia, que orienta, que ofereix marcs de refer\u00e8ncia i que sost\u00e9 la inseguretat quan apareix. <\/p>\n\n<p>No \u00e9s un rol menor. Al contrari. Requereix m\u00e9s consci\u00e8ncia, m\u00e9s reflexi\u00f3 i m\u00e9s responsabilitat \u00e8tica.  <\/p>\n\n<p>Educar en la incertesa no \u00e9s improvisar sense rumb. \u00c9s <strong>saber sostenir el proc\u00e9s quan el cam\u00ed no est\u00e0 del tot clar.<\/strong> <\/p>\n\n<p>Ensenyar a viure amb preguntes<\/p>\n\n<p>Potser una de les tasques m\u00e9s importants de l\u2019educaci\u00f3 actual \u00e9s aquesta: ensenyar a viure amb preguntes sense angoixa. A aprendre sense certeses absolutes. A adaptar-se, a pensar i a continuar aprenent al llarg de la vida.  <\/p>\n\n<p>No tenim totes les respostes.<br\/>Per\u00f2 s\u00ed que podem oferir una cosa molt m\u00e9s valuosa: eines per buscar-les, q\u00fcestionar-les i construir-les plegats.<\/p>\n\n<p>I en un m\u00f3n incert, aix\u00f2 no \u00e9s una feblesa educativa.<br\/>\u00c9s una fortalesa imprescindible.<\/p>\n\n<p>Pots con\u00e8ixer altres experi\u00e8ncies i projectes als meus perfils de <a href=\"https:\/\/wakelet.com\/wake\/aWzEzWWVWd6VzgSjLdPVz\">Wakelet<\/a> y<a href=\"https:\/\/x.com\/MireiaPortero5\"> Twitter\/X<\/a>.<\/p>\n","protected":false},"excerpt":{"rendered":"<p>Durant molt de temps, s\u2019ha esperat del docent que tingu\u00e9s respostes per a tot. Que sab\u00e9s, que domin\u00e9s, que control\u00e9s. Que ofer\u00eds seguretat en un m\u00f3n que, suposadament, era previsible. Avui aquesta expectativa ja no se sost\u00e9. Vivim en una realitat canviant, complexa i plena d\u2019incerteses, i l\u2019escola no pot fingir que aix\u00f2 no existeix.    <\/p>\n<p>Educar avui implica acceptar una cosa inc\u00f2moda, per\u00f2 profundament honesta: no sempre tenim totes les respostes.<\/p>\n<p>I aix\u00f2 no ens debilita com a docents. Ens humanitza. <\/p>\n","protected":false},"author":4,"featured_media":3686,"comment_status":"closed","ping_status":"closed","sticky":false,"template":"","format":"standard","meta":{"_acf_changed":false,"inline_featured_image":false,"footnotes":""},"categories":[52,55],"tags":[],"class_list":["post-3685","post","type-post","status-publish","format-standard","has-post-thumbnail","hentry","category-desarrollo-personal-y-docente","category-desenvolupament-personal-i-docent"],"acf":[],"yoast_head":"<!-- This site is optimized with the Yoast SEO plugin v27.5 - https:\/\/yoast.com\/product\/yoast-seo-wordpress\/ -->\n<title>\u25b7Educar en la incertesa: ensenyar quan no tenim totes les respostes - \u3010 Mireia Portero \u3011<\/title>\n<meta name=\"description\" content=\"Durant molt de temps, s\u2019ha esperat del docent que tingu\u00e9s respostes per a tot. Que sab\u00e9s, que domin\u00e9s, que control\u00e9s. Que ofer\u00eds seguretat en un m\u00f3n que, suposadament, era previsible. Avui aquesta expectativa ja no se sost\u00e9. Vivim en una realitat canviant, complexa i plena d\u2019incerteses, i l\u2019escola no pot fingir que aix\u00f2 no existeix.   Educar avui implica acceptar una cosa inc\u00f2moda, per\u00f2 profundament honesta: no sempre tenim totes les respostes. I aix\u00f2 no ens debilita com a docents. Ens humanitza. \u2713\" \/>\n<meta name=\"robots\" content=\"index, follow, max-snippet:-1, max-image-preview:large, max-video-preview:-1\" \/>\n<link rel=\"canonical\" href=\"https:\/\/www.mireiaportero.com\/ca\/desenvolupament-personal-i-docent\/educar-en-la-incertesa-ensenyar-quan-no-tenim-totes-les-respostes\/\" \/>\n<meta property=\"og:locale\" content=\"ca_ES\" \/>\n<meta property=\"og:type\" content=\"article\" \/>\n<meta property=\"og:title\" content=\"\u25b7Educar en la incertesa: ensenyar quan no tenim totes les respostes - \u3010 Mireia Portero \u3011\" \/>\n<meta property=\"og:description\" content=\"Durant molt de temps, s\u2019ha esperat del docent que tingu\u00e9s respostes per a tot. Que sab\u00e9s, que domin\u00e9s, que control\u00e9s. Que ofer\u00eds seguretat en un m\u00f3n que, suposadament, era previsible. Avui aquesta expectativa ja no se sost\u00e9. Vivim en una realitat canviant, complexa i plena d\u2019incerteses, i l\u2019escola no pot fingir que aix\u00f2 no existeix.   Educar avui implica acceptar una cosa inc\u00f2moda, per\u00f2 profundament honesta: no sempre tenim totes les respostes. I aix\u00f2 no ens debilita com a docents. Ens humanitza. \u2713\" \/>\n<meta property=\"og:url\" content=\"https:\/\/www.mireiaportero.com\/ca\/desenvolupament-personal-i-docent\/educar-en-la-incertesa-ensenyar-quan-no-tenim-totes-les-respostes\/\" \/>\n<meta property=\"og:site_name\" content=\"Mireia Portero\" \/>\n<meta property=\"article:published_time\" content=\"2026-05-02T07:00:39+00:00\" \/>\n<meta property=\"og:image\" content=\"https:\/\/www.mireiaportero.com\/wp-content\/uploads\/2025\/12\/confundida-perpleja-joven-pelirroja-interrogada-se-encoge-de-hombros-y-extiende-las-palmas-hacia-los-lados-se-encuentra-despistado-en-el-agujero-rasgado-del-agujero-de-papel-azul-scaled.jpg\" \/>\n\t<meta property=\"og:image:width\" content=\"2560\" \/>\n\t<meta property=\"og:image:height\" content=\"1708\" \/>\n\t<meta property=\"og:image:type\" content=\"image\/jpeg\" \/>\n<meta name=\"author\" content=\"Mireia Portero\" \/>\n<meta name=\"twitter:card\" content=\"summary_large_image\" \/>\n<meta name=\"twitter:label1\" content=\"Escrit per\" \/>\n\t<meta name=\"twitter:data1\" content=\"Mireia Portero\" \/>\n\t<meta name=\"twitter:label2\" content=\"Temps estimat de lectura\" \/>\n\t<meta name=\"twitter:data2\" content=\"3 minuts\" \/>\n<script type=\"application\/ld+json\" class=\"yoast-schema-graph\">{\"@context\":\"https:\\\/\\\/schema.org\",\"@graph\":[{\"@type\":\"Article\",\"@id\":\"https:\\\/\\\/www.mireiaportero.com\\\/ca\\\/desenvolupament-personal-i-docent\\\/educar-en-la-incertesa-ensenyar-quan-no-tenim-totes-les-respostes\\\/#article\",\"isPartOf\":{\"@id\":\"https:\\\/\\\/www.mireiaportero.com\\\/ca\\\/desenvolupament-personal-i-docent\\\/educar-en-la-incertesa-ensenyar-quan-no-tenim-totes-les-respostes\\\/\"},\"author\":{\"name\":\"Mireia Portero\",\"@id\":\"https:\\\/\\\/www.mireiaportero.com\\\/ca\\\/#\\\/schema\\\/person\\\/d6e3835c0648fcdc0e66cd037bbab1e7\"},\"headline\":\"Educar en la incertesa: ensenyar quan no tenim totes les respostes\",\"datePublished\":\"2026-05-02T07:00:39+00:00\",\"mainEntityOfPage\":{\"@id\":\"https:\\\/\\\/www.mireiaportero.com\\\/ca\\\/desenvolupament-personal-i-docent\\\/educar-en-la-incertesa-ensenyar-quan-no-tenim-totes-les-respostes\\\/\"},\"wordCount\":605,\"image\":{\"@id\":\"https:\\\/\\\/www.mireiaportero.com\\\/ca\\\/desenvolupament-personal-i-docent\\\/educar-en-la-incertesa-ensenyar-quan-no-tenim-totes-les-respostes\\\/#primaryimage\"},\"thumbnailUrl\":\"https:\\\/\\\/www.mireiaportero.com\\\/wp-content\\\/uploads\\\/2025\\\/12\\\/confundida-perpleja-joven-pelirroja-interrogada-se-encoge-de-hombros-y-extiende-las-palmas-hacia-los-lados-se-encuentra-despistado-en-el-agujero-rasgado-del-agujero-de-papel-azul-scaled.jpg\",\"articleSection\":[\"Desarrollo personal y docente\",\"Desenvolupament personal i docent\"],\"inLanguage\":\"ca\"},{\"@type\":\"WebPage\",\"@id\":\"https:\\\/\\\/www.mireiaportero.com\\\/ca\\\/desenvolupament-personal-i-docent\\\/educar-en-la-incertesa-ensenyar-quan-no-tenim-totes-les-respostes\\\/\",\"url\":\"https:\\\/\\\/www.mireiaportero.com\\\/ca\\\/desenvolupament-personal-i-docent\\\/educar-en-la-incertesa-ensenyar-quan-no-tenim-totes-les-respostes\\\/\",\"name\":\"\u25b7Educar en la incertesa: ensenyar quan no tenim totes les respostes - \u3010 Mireia Portero \u3011\",\"isPartOf\":{\"@id\":\"https:\\\/\\\/www.mireiaportero.com\\\/ca\\\/#website\"},\"primaryImageOfPage\":{\"@id\":\"https:\\\/\\\/www.mireiaportero.com\\\/ca\\\/desenvolupament-personal-i-docent\\\/educar-en-la-incertesa-ensenyar-quan-no-tenim-totes-les-respostes\\\/#primaryimage\"},\"image\":{\"@id\":\"https:\\\/\\\/www.mireiaportero.com\\\/ca\\\/desenvolupament-personal-i-docent\\\/educar-en-la-incertesa-ensenyar-quan-no-tenim-totes-les-respostes\\\/#primaryimage\"},\"thumbnailUrl\":\"https:\\\/\\\/www.mireiaportero.com\\\/wp-content\\\/uploads\\\/2025\\\/12\\\/confundida-perpleja-joven-pelirroja-interrogada-se-encoge-de-hombros-y-extiende-las-palmas-hacia-los-lados-se-encuentra-despistado-en-el-agujero-rasgado-del-agujero-de-papel-azul-scaled.jpg\",\"datePublished\":\"2026-05-02T07:00:39+00:00\",\"author\":{\"@id\":\"https:\\\/\\\/www.mireiaportero.com\\\/ca\\\/#\\\/schema\\\/person\\\/d6e3835c0648fcdc0e66cd037bbab1e7\"},\"description\":\"Durant molt de temps, s\u2019ha esperat del docent que tingu\u00e9s respostes per a tot. Que sab\u00e9s, que domin\u00e9s, que control\u00e9s. Que ofer\u00eds seguretat en un m\u00f3n que, suposadament, era previsible. Avui aquesta expectativa ja no se sost\u00e9. Vivim en una realitat canviant, complexa i plena d\u2019incerteses, i l\u2019escola no pot fingir que aix\u00f2 no existeix. Educar avui implica acceptar una cosa inc\u00f2moda, per\u00f2 profundament honesta: no sempre tenim totes les respostes. I aix\u00f2 no ens debilita com a docents. Ens humanitza. \u2713\",\"breadcrumb\":{\"@id\":\"https:\\\/\\\/www.mireiaportero.com\\\/ca\\\/desenvolupament-personal-i-docent\\\/educar-en-la-incertesa-ensenyar-quan-no-tenim-totes-les-respostes\\\/#breadcrumb\"},\"inLanguage\":\"ca\",\"potentialAction\":[{\"@type\":\"ReadAction\",\"target\":[\"https:\\\/\\\/www.mireiaportero.com\\\/ca\\\/desenvolupament-personal-i-docent\\\/educar-en-la-incertesa-ensenyar-quan-no-tenim-totes-les-respostes\\\/\"]}]},{\"@type\":\"ImageObject\",\"inLanguage\":\"ca\",\"@id\":\"https:\\\/\\\/www.mireiaportero.com\\\/ca\\\/desenvolupament-personal-i-docent\\\/educar-en-la-incertesa-ensenyar-quan-no-tenim-totes-les-respostes\\\/#primaryimage\",\"url\":\"https:\\\/\\\/www.mireiaportero.com\\\/wp-content\\\/uploads\\\/2025\\\/12\\\/confundida-perpleja-joven-pelirroja-interrogada-se-encoge-de-hombros-y-extiende-las-palmas-hacia-los-lados-se-encuentra-despistado-en-el-agujero-rasgado-del-agujero-de-papel-azul-scaled.jpg\",\"contentUrl\":\"https:\\\/\\\/www.mireiaportero.com\\\/wp-content\\\/uploads\\\/2025\\\/12\\\/confundida-perpleja-joven-pelirroja-interrogada-se-encoge-de-hombros-y-extiende-las-palmas-hacia-los-lados-se-encuentra-despistado-en-el-agujero-rasgado-del-agujero-de-papel-azul-scaled.jpg\",\"width\":2560,\"height\":1708,\"caption\":\"Confused puzzled red haired young questioned female shrugs shoulders and spreads palms sideways stands clueless in ripped hole of blue paper background wears trendy hat casual jumper cannot decide.\"},{\"@type\":\"BreadcrumbList\",\"@id\":\"https:\\\/\\\/www.mireiaportero.com\\\/ca\\\/desenvolupament-personal-i-docent\\\/educar-en-la-incertesa-ensenyar-quan-no-tenim-totes-les-respostes\\\/#breadcrumb\",\"itemListElement\":[{\"@type\":\"ListItem\",\"position\":1,\"name\":\"Portada\",\"item\":\"https:\\\/\\\/www.mireiaportero.com\\\/ca\\\/\"},{\"@type\":\"ListItem\",\"position\":2,\"name\":\"Educar en la incertesa: ensenyar quan no tenim totes les respostes\"}]},{\"@type\":\"WebSite\",\"@id\":\"https:\\\/\\\/www.mireiaportero.com\\\/ca\\\/#website\",\"url\":\"https:\\\/\\\/www.mireiaportero.com\\\/ca\\\/\",\"name\":\"Mireia Portero\",\"description\":\"Educaci\u00f3n con sentido, desde dentro.\",\"potentialAction\":[{\"@type\":\"SearchAction\",\"target\":{\"@type\":\"EntryPoint\",\"urlTemplate\":\"https:\\\/\\\/www.mireiaportero.com\\\/ca\\\/?s={search_term_string}\"},\"query-input\":{\"@type\":\"PropertyValueSpecification\",\"valueRequired\":true,\"valueName\":\"search_term_string\"}}],\"inLanguage\":\"ca\"},{\"@type\":\"Person\",\"@id\":\"https:\\\/\\\/www.mireiaportero.com\\\/ca\\\/#\\\/schema\\\/person\\\/d6e3835c0648fcdc0e66cd037bbab1e7\",\"name\":\"Mireia Portero\",\"image\":{\"@type\":\"ImageObject\",\"inLanguage\":\"ca\",\"@id\":\"https:\\\/\\\/secure.gravatar.com\\\/avatar\\\/41c54dfdf0f4a3b60e13563e2c9c507f315a96cd04c3efc26ca3810d7a8ed884?s=96&d=mm&r=g\",\"url\":\"https:\\\/\\\/secure.gravatar.com\\\/avatar\\\/41c54dfdf0f4a3b60e13563e2c9c507f315a96cd04c3efc26ca3810d7a8ed884?s=96&d=mm&r=g\",\"contentUrl\":\"https:\\\/\\\/secure.gravatar.com\\\/avatar\\\/41c54dfdf0f4a3b60e13563e2c9c507f315a96cd04c3efc26ca3810d7a8ed884?s=96&d=mm&r=g\",\"caption\":\"Mireia Portero\"},\"sameAs\":[\"https:\\\/\\\/www.mireiaportero.com\\\/\"]}]}<\/script>\n<!-- \/ Yoast SEO plugin. -->","yoast_head_json":{"title":"\u25b7Educar en la incertesa: ensenyar quan no tenim totes les respostes - \u3010 Mireia Portero \u3011","description":"Durant molt de temps, s\u2019ha esperat del docent que tingu\u00e9s respostes per a tot. Que sab\u00e9s, que domin\u00e9s, que control\u00e9s. Que ofer\u00eds seguretat en un m\u00f3n que, suposadament, era previsible. Avui aquesta expectativa ja no se sost\u00e9. Vivim en una realitat canviant, complexa i plena d\u2019incerteses, i l\u2019escola no pot fingir que aix\u00f2 no existeix.   Educar avui implica acceptar una cosa inc\u00f2moda, per\u00f2 profundament honesta: no sempre tenim totes les respostes. I aix\u00f2 no ens debilita com a docents. Ens humanitza. \u2713","robots":{"index":"index","follow":"follow","max-snippet":"max-snippet:-1","max-image-preview":"max-image-preview:large","max-video-preview":"max-video-preview:-1"},"canonical":"https:\/\/www.mireiaportero.com\/ca\/desenvolupament-personal-i-docent\/educar-en-la-incertesa-ensenyar-quan-no-tenim-totes-les-respostes\/","og_locale":"ca_ES","og_type":"article","og_title":"\u25b7Educar en la incertesa: ensenyar quan no tenim totes les respostes - \u3010 Mireia Portero \u3011","og_description":"Durant molt de temps, s\u2019ha esperat del docent que tingu\u00e9s respostes per a tot. Que sab\u00e9s, que domin\u00e9s, que control\u00e9s. Que ofer\u00eds seguretat en un m\u00f3n que, suposadament, era previsible. Avui aquesta expectativa ja no se sost\u00e9. Vivim en una realitat canviant, complexa i plena d\u2019incerteses, i l\u2019escola no pot fingir que aix\u00f2 no existeix.   Educar avui implica acceptar una cosa inc\u00f2moda, per\u00f2 profundament honesta: no sempre tenim totes les respostes. I aix\u00f2 no ens debilita com a docents. Ens humanitza. \u2713","og_url":"https:\/\/www.mireiaportero.com\/ca\/desenvolupament-personal-i-docent\/educar-en-la-incertesa-ensenyar-quan-no-tenim-totes-les-respostes\/","og_site_name":"Mireia Portero","article_published_time":"2026-05-02T07:00:39+00:00","og_image":[{"width":2560,"height":1708,"url":"https:\/\/www.mireiaportero.com\/wp-content\/uploads\/2025\/12\/confundida-perpleja-joven-pelirroja-interrogada-se-encoge-de-hombros-y-extiende-las-palmas-hacia-los-lados-se-encuentra-despistado-en-el-agujero-rasgado-del-agujero-de-papel-azul-scaled.jpg","type":"image\/jpeg"}],"author":"Mireia Portero","twitter_card":"summary_large_image","twitter_misc":{"Escrit per":"Mireia Portero","Temps estimat de lectura":"3 minuts"},"schema":{"@context":"https:\/\/schema.org","@graph":[{"@type":"Article","@id":"https:\/\/www.mireiaportero.com\/ca\/desenvolupament-personal-i-docent\/educar-en-la-incertesa-ensenyar-quan-no-tenim-totes-les-respostes\/#article","isPartOf":{"@id":"https:\/\/www.mireiaportero.com\/ca\/desenvolupament-personal-i-docent\/educar-en-la-incertesa-ensenyar-quan-no-tenim-totes-les-respostes\/"},"author":{"name":"Mireia Portero","@id":"https:\/\/www.mireiaportero.com\/ca\/#\/schema\/person\/d6e3835c0648fcdc0e66cd037bbab1e7"},"headline":"Educar en la incertesa: ensenyar quan no tenim totes les respostes","datePublished":"2026-05-02T07:00:39+00:00","mainEntityOfPage":{"@id":"https:\/\/www.mireiaportero.com\/ca\/desenvolupament-personal-i-docent\/educar-en-la-incertesa-ensenyar-quan-no-tenim-totes-les-respostes\/"},"wordCount":605,"image":{"@id":"https:\/\/www.mireiaportero.com\/ca\/desenvolupament-personal-i-docent\/educar-en-la-incertesa-ensenyar-quan-no-tenim-totes-les-respostes\/#primaryimage"},"thumbnailUrl":"https:\/\/www.mireiaportero.com\/wp-content\/uploads\/2025\/12\/confundida-perpleja-joven-pelirroja-interrogada-se-encoge-de-hombros-y-extiende-las-palmas-hacia-los-lados-se-encuentra-despistado-en-el-agujero-rasgado-del-agujero-de-papel-azul-scaled.jpg","articleSection":["Desarrollo personal y docente","Desenvolupament personal i docent"],"inLanguage":"ca"},{"@type":"WebPage","@id":"https:\/\/www.mireiaportero.com\/ca\/desenvolupament-personal-i-docent\/educar-en-la-incertesa-ensenyar-quan-no-tenim-totes-les-respostes\/","url":"https:\/\/www.mireiaportero.com\/ca\/desenvolupament-personal-i-docent\/educar-en-la-incertesa-ensenyar-quan-no-tenim-totes-les-respostes\/","name":"\u25b7Educar en la incertesa: ensenyar quan no tenim totes les respostes - \u3010 Mireia Portero \u3011","isPartOf":{"@id":"https:\/\/www.mireiaportero.com\/ca\/#website"},"primaryImageOfPage":{"@id":"https:\/\/www.mireiaportero.com\/ca\/desenvolupament-personal-i-docent\/educar-en-la-incertesa-ensenyar-quan-no-tenim-totes-les-respostes\/#primaryimage"},"image":{"@id":"https:\/\/www.mireiaportero.com\/ca\/desenvolupament-personal-i-docent\/educar-en-la-incertesa-ensenyar-quan-no-tenim-totes-les-respostes\/#primaryimage"},"thumbnailUrl":"https:\/\/www.mireiaportero.com\/wp-content\/uploads\/2025\/12\/confundida-perpleja-joven-pelirroja-interrogada-se-encoge-de-hombros-y-extiende-las-palmas-hacia-los-lados-se-encuentra-despistado-en-el-agujero-rasgado-del-agujero-de-papel-azul-scaled.jpg","datePublished":"2026-05-02T07:00:39+00:00","author":{"@id":"https:\/\/www.mireiaportero.com\/ca\/#\/schema\/person\/d6e3835c0648fcdc0e66cd037bbab1e7"},"description":"Durant molt de temps, s\u2019ha esperat del docent que tingu\u00e9s respostes per a tot. Que sab\u00e9s, que domin\u00e9s, que control\u00e9s. Que ofer\u00eds seguretat en un m\u00f3n que, suposadament, era previsible. Avui aquesta expectativa ja no se sost\u00e9. Vivim en una realitat canviant, complexa i plena d\u2019incerteses, i l\u2019escola no pot fingir que aix\u00f2 no existeix. Educar avui implica acceptar una cosa inc\u00f2moda, per\u00f2 profundament honesta: no sempre tenim totes les respostes. I aix\u00f2 no ens debilita com a docents. Ens humanitza. \u2713","breadcrumb":{"@id":"https:\/\/www.mireiaportero.com\/ca\/desenvolupament-personal-i-docent\/educar-en-la-incertesa-ensenyar-quan-no-tenim-totes-les-respostes\/#breadcrumb"},"inLanguage":"ca","potentialAction":[{"@type":"ReadAction","target":["https:\/\/www.mireiaportero.com\/ca\/desenvolupament-personal-i-docent\/educar-en-la-incertesa-ensenyar-quan-no-tenim-totes-les-respostes\/"]}]},{"@type":"ImageObject","inLanguage":"ca","@id":"https:\/\/www.mireiaportero.com\/ca\/desenvolupament-personal-i-docent\/educar-en-la-incertesa-ensenyar-quan-no-tenim-totes-les-respostes\/#primaryimage","url":"https:\/\/www.mireiaportero.com\/wp-content\/uploads\/2025\/12\/confundida-perpleja-joven-pelirroja-interrogada-se-encoge-de-hombros-y-extiende-las-palmas-hacia-los-lados-se-encuentra-despistado-en-el-agujero-rasgado-del-agujero-de-papel-azul-scaled.jpg","contentUrl":"https:\/\/www.mireiaportero.com\/wp-content\/uploads\/2025\/12\/confundida-perpleja-joven-pelirroja-interrogada-se-encoge-de-hombros-y-extiende-las-palmas-hacia-los-lados-se-encuentra-despistado-en-el-agujero-rasgado-del-agujero-de-papel-azul-scaled.jpg","width":2560,"height":1708,"caption":"Confused puzzled red haired young questioned female shrugs shoulders and spreads palms sideways stands clueless in ripped hole of blue paper background wears trendy hat casual jumper cannot decide."},{"@type":"BreadcrumbList","@id":"https:\/\/www.mireiaportero.com\/ca\/desenvolupament-personal-i-docent\/educar-en-la-incertesa-ensenyar-quan-no-tenim-totes-les-respostes\/#breadcrumb","itemListElement":[{"@type":"ListItem","position":1,"name":"Portada","item":"https:\/\/www.mireiaportero.com\/ca\/"},{"@type":"ListItem","position":2,"name":"Educar en la incertesa: ensenyar quan no tenim totes les respostes"}]},{"@type":"WebSite","@id":"https:\/\/www.mireiaportero.com\/ca\/#website","url":"https:\/\/www.mireiaportero.com\/ca\/","name":"Mireia Portero","description":"Educaci\u00f3n con sentido, desde dentro.","potentialAction":[{"@type":"SearchAction","target":{"@type":"EntryPoint","urlTemplate":"https:\/\/www.mireiaportero.com\/ca\/?s={search_term_string}"},"query-input":{"@type":"PropertyValueSpecification","valueRequired":true,"valueName":"search_term_string"}}],"inLanguage":"ca"},{"@type":"Person","@id":"https:\/\/www.mireiaportero.com\/ca\/#\/schema\/person\/d6e3835c0648fcdc0e66cd037bbab1e7","name":"Mireia Portero","image":{"@type":"ImageObject","inLanguage":"ca","@id":"https:\/\/secure.gravatar.com\/avatar\/41c54dfdf0f4a3b60e13563e2c9c507f315a96cd04c3efc26ca3810d7a8ed884?s=96&d=mm&r=g","url":"https:\/\/secure.gravatar.com\/avatar\/41c54dfdf0f4a3b60e13563e2c9c507f315a96cd04c3efc26ca3810d7a8ed884?s=96&d=mm&r=g","contentUrl":"https:\/\/secure.gravatar.com\/avatar\/41c54dfdf0f4a3b60e13563e2c9c507f315a96cd04c3efc26ca3810d7a8ed884?s=96&d=mm&r=g","caption":"Mireia Portero"},"sameAs":["https:\/\/www.mireiaportero.com\/"]}]}},"_links":{"self":[{"href":"https:\/\/www.mireiaportero.com\/ca\/wp-json\/wp\/v2\/posts\/3685","targetHints":{"allow":["GET"]}}],"collection":[{"href":"https:\/\/www.mireiaportero.com\/ca\/wp-json\/wp\/v2\/posts"}],"about":[{"href":"https:\/\/www.mireiaportero.com\/ca\/wp-json\/wp\/v2\/types\/post"}],"author":[{"embeddable":true,"href":"https:\/\/www.mireiaportero.com\/ca\/wp-json\/wp\/v2\/users\/4"}],"replies":[{"embeddable":true,"href":"https:\/\/www.mireiaportero.com\/ca\/wp-json\/wp\/v2\/comments?post=3685"}],"version-history":[{"count":1,"href":"https:\/\/www.mireiaportero.com\/ca\/wp-json\/wp\/v2\/posts\/3685\/revisions"}],"predecessor-version":[{"id":3687,"href":"https:\/\/www.mireiaportero.com\/ca\/wp-json\/wp\/v2\/posts\/3685\/revisions\/3687"}],"wp:featuredmedia":[{"embeddable":true,"href":"https:\/\/www.mireiaportero.com\/ca\/wp-json\/wp\/v2\/media\/3686"}],"wp:attachment":[{"href":"https:\/\/www.mireiaportero.com\/ca\/wp-json\/wp\/v2\/media?parent=3685"}],"wp:term":[{"taxonomy":"category","embeddable":true,"href":"https:\/\/www.mireiaportero.com\/ca\/wp-json\/wp\/v2\/categories?post=3685"},{"taxonomy":"post_tag","embeddable":true,"href":"https:\/\/www.mireiaportero.com\/ca\/wp-json\/wp\/v2\/tags?post=3685"}],"curies":[{"name":"wp","href":"https:\/\/api.w.org\/{rel}","templated":true}]}}