{"id":4444,"date":"2026-09-05T08:00:12","date_gmt":"2026-09-05T06:00:12","guid":{"rendered":"https:\/\/www.mireiaportero.com\/?p=4444"},"modified":"2026-09-05T11:08:31","modified_gmt":"2026-09-05T09:08:31","slug":"la-innovacio-tambe-necessita-memoria","status":"publish","type":"post","link":"https:\/\/www.mireiaportero.com\/ca\/metodologies-actives-abp-interdisciplinarietat-innovacio\/la-innovacio-tambe-necessita-memoria\/","title":{"rendered":"La innovaci\u00f3 tamb\u00e9 necessita mem\u00f2ria"},"content":{"rendered":"\t\t<div data-elementor-type=\"wp-post\" data-elementor-id=\"4444\" class=\"elementor elementor-4444 elementor-4441\" data-elementor-post-type=\"post\">\n\t\t\t\t<div class=\"elementor-element elementor-element-45fd34c9 e-flex e-con-boxed e-con e-parent\" data-id=\"45fd34c9\" data-element_type=\"container\" data-e-type=\"container\">\n\t\t\t\t\t<div class=\"e-con-inner\">\n\t\t\t\t<div class=\"elementor-element elementor-element-5403957a elementor-widget elementor-widget-text-editor\" data-id=\"5403957a\" data-element_type=\"widget\" data-e-type=\"widget\" data-widget_type=\"text-editor.default\">\n\t\t\t\t<div class=\"elementor-widget-container\">\n\t\t\t\t\t\t\t\t\t<p><\/p>\n<p>Tanmateix, hi ha una pregunta que poques vegades ens fem: qu\u00e8 passa amb tot all\u00f2 que ja hem posat en marxa?<\/p>\n<p><\/p>\n<p>Perqu\u00e8 innovar no hauria de significar comen\u00e7ar sempre de zero.<\/p>\n<p><\/p>\n<p><b>La temptaci\u00f3 del que \u00e9s nou<\/b><\/p>\n<p><\/p>\n<p>En molts centres educatius vivim amb la sensaci\u00f3 que sempre hi ha alguna cosa m\u00e9s per incorporar.<\/p>\n<p><\/p>\n<p>Una plataforma nova.<\/p>\n<p><\/p>\n<p>Una metodologia diferent.<\/p>\n<p><\/p>\n<p>Una eina basada en intel\u00b7lig\u00e8ncia artificial.<\/p>\n<p><\/p>\n<p>Un projecte que sembla imprescindible.<\/p>\n<p><\/p>\n<p>I, gaireb\u00e9 sense adonar-nos-en, el que \u00e9s nou comen\u00e7a a substituir all\u00f2 que ja f\u00e8iem abans fins i tot d\u2019haver analitzat si estava funcionant.<\/p>\n<p><\/p>\n<p>No tot canvi suposa una millora.<\/p>\n<p><\/p>\n<p>I no tota innovaci\u00f3 necessita substituir el que ja existeix.<\/p>\n<p><\/p>\n<p><b>Innovar tamb\u00e9 \u00e9s saber consolidar<\/b><\/p>\n<p><\/p>\n<p>Una bona pr\u00e0ctica no perd valor perqu\u00e8 faci diversos anys que est\u00e0 en funcionament.<\/p>\n<p><\/p>\n<p>Si continua motivant l\u2019alumnat, afavoreix l\u2019aprenentatge i respon als objectius educatius, potser no cal substituir-la.<\/p>\n<p><\/p>\n<p>Cal consolidar-la.<\/p>\n<p><\/p>\n<p>De vegades confonem innovaci\u00f3 amb novetat.<\/p>\n<p><\/p>\n<p>Per\u00f2 innovar no consisteix \u00fanicament a incorporar coses noves.<\/p>\n<p><\/p>\n<p>Tamb\u00e9 implica revisar, ajustar, millorar i donar continu\u00eftat a all\u00f2 que ha demostrat que funciona.<\/p>\n<p><\/p>\n<p>Perqu\u00e8 la veritable innovaci\u00f3 no sempre \u00e9s visible.<\/p>\n<p><\/p>\n<p>Moltes vegades passa quan perfeccionem una proposta que ja forma part de la identitat del centre.<\/p>\n<p><\/p>\n<p><b>La mem\u00f2ria pedag\u00f2gica tamb\u00e9 educa<\/b><\/p>\n<p><\/p>\n<p>Els centres educatius construeixen la seva cultura a trav\u00e9s dels projectes que mantenen al llarg del temps.<\/p>\n<p><\/p>\n<p>Quan una iniciativa desapareix cada curs per ser substitu\u00efda per una altra, \u00e9s dif\u00edcil generar una identitat compartida.<\/p>\n<p><\/p>\n<p>En canvi, quan un projecte es revisa, evoluciona i millora any rere any, es converteix en part de la hist\u00f2ria del centre.<\/p>\n<p><\/p>\n<p>I aquesta mem\u00f2ria tamb\u00e9 educa.<\/p>\n<p><\/p>\n<p>Permet que els equips comparteixin experi\u00e8ncies, que els docents nous trobin referents i que l\u2019alumnat visqui propostes consolidades que han demostrat el seu valor.<\/p>\n<p><\/p>\n<p><b>Avaluar abans de canviar<\/b><\/p>\n<p><\/p>\n<p>Abans d\u2019incorporar una nova iniciativa, potser ens haur\u00edem d\u2019aturar a respondre algunes preguntes.<\/p>\n<p><\/p>\n<p>Ha funcionat realment el projecte anterior?<\/p>\n<p><\/p>\n<p>Quines evid\u00e8ncies en tenim?<\/p>\n<p><\/p>\n<p>Quina \u00e9s l\u2019opini\u00f3 de l\u2019alumnat i del professorat?<\/p>\n<p><\/p>\n<p>Quins aspectes conv\u00e9 millorar?<\/p>\n<p><\/p>\n<p>Nom\u00e9s quan hi ha una avaluaci\u00f3 rigorosa podem decidir si un projecte necessita evolucionar, mantenir-se o deixar pas a un altre.<\/p>\n<p><\/p>\n<p>Canviar per canviar poques vegades condueix a una millora.<\/p>\n<p><\/p>\n<p><b>Menys novetats i m\u00e9s sentit<\/b><\/p>\n<p><\/p>\n<p>La innovaci\u00f3 sostenible no dep\u00e8n de la quantitat de projectes que un centre posa en marxa.<\/p>\n<p><\/p>\n<p>Dep\u00e8n de la capacitat per escollir aquells que aporten valor i donar-los el temps necessari perqu\u00e8 es consolidin.<\/p>\n<p><\/p>\n<p>L\u2019educaci\u00f3 necessita innovaci\u00f3.<\/p>\n<p><\/p>\n<p>Per\u00f2 tamb\u00e9 necessita estabilitat.<\/p>\n<p><\/p>\n<p>Els aprenentatges profunds, les cultures de centre i els projectes transformadors no es construeixen en pocs mesos.<\/p>\n<p><\/p>\n<p>Requereixen temps, acompanyament i continu\u00eftat.<\/p>\n<p><\/p>\n<p><b>Innovar mirant cap al futur\u2026 sense oblidar el cam\u00ed recorregut<\/b><\/p>\n<p><\/p>\n<p>Mirar cap al futur \u00e9s imprescindible.<\/p>\n<p><\/p>\n<p>Per\u00f2 fer-ho no significa oblidar tot all\u00f2 que hem apr\u00e8s durant el cam\u00ed.<\/p>\n<p><\/p>\n<p>Cada projecte desenvolupat, cada experi\u00e8ncia viscuda i cada decisi\u00f3 pedag\u00f2gica formen part del patrimoni educatiu d\u2019un centre.<\/p>\n<p><\/p>\n<p>Innovar tamb\u00e9 consisteix a recon\u00e8ixer aquest recorregut, aprendre\u2019n i utilitzar-lo com a punt de partida per continuar creixent.<\/p>\n<p><\/p>\n<p>Perqu\u00e8 les millors escoles no s\u00f3n necess\u00e0riament les que fan m\u00e9s coses noves.<\/p>\n<p><\/p>\n<p>S\u00f3n aquelles que saben distingir qu\u00e8 val la pena canviar&#8230; i qu\u00e8 val la pena conservar.<\/p>\n<p><\/p>\n<p>Per accedir a tots els meus perfils, podeu visitar el meu Linktree .<\/p>\n<p><\/p>\n<p><strong>Mireia Portero | Guanyadora dels Premis Educa Abanca a Millor Docent d&#8217;Espanya en Educaci\u00f3 No Formal<\/strong><\/p>\n<p><\/p>\t\t\t\t\t\t\t\t<\/div>\n\t\t\t\t<\/div>\n\t\t\t\t\t<\/div>\n\t\t\t\t<\/div>\n\t\t\t\t<\/div>\n\t\t","protected":false},"excerpt":{"rendered":"<p>Innovar s\u2019ha convertit en una de les paraules m\u00e9s repetides en educaci\u00f3.<\/p>\n<p>Cada curs arriben noves metodologies, eines digitals, projectes, recursos o tend\u00e8ncies que prometen transformar l\u2019aprenentatge. I \u00e9s positiu que l\u2019escola evolucioni, es q\u00fcestioni i busqui noves maneres de respondre a les necessitats de l\u2019alumnat. <\/p>\n","protected":false},"author":4,"featured_media":4445,"comment_status":"closed","ping_status":"closed","sticky":false,"template":"","format":"standard","meta":{"_acf_changed":false,"inline_featured_image":false,"footnotes":""},"categories":[58],"tags":[],"class_list":["post-4444","post","type-post","status-publish","format-standard","has-post-thumbnail","hentry","category-metodologies-actives-abp-interdisciplinarietat-innovacio"],"acf":[],"yoast_head":"<!-- This site is optimized with the Yoast SEO plugin v28.2 - https:\/\/yoast.com\/product\/yoast-seo-wordpress\/ -->\n<title>\u25b7La innovaci\u00f3 tamb\u00e9 necessita mem\u00f2ria - \u3010 Mireia Portero \u3011<\/title>\n<meta name=\"description\" content=\"Innovar s\u2019ha convertit en una de les paraules m\u00e9s repetides en educaci\u00f3. Cada curs arriben noves metodologies, eines digitals, projectes, recursos o tend\u00e8ncies que prometen transformar l\u2019aprenentatge. I \u00e9s positiu que l\u2019escola evolucioni, es q\u00fcestioni i busqui noves maneres de respondre a les necessitats de l\u2019alumnat. \u2713\" \/>\n<meta name=\"robots\" content=\"index, follow, max-snippet:-1, max-image-preview:large, max-video-preview:-1\" \/>\n<link rel=\"canonical\" href=\"https:\/\/www.mireiaportero.com\/ca\/metodologies-actives-abp-interdisciplinarietat-innovacio\/la-innovacio-tambe-necessita-memoria\/\" \/>\n<meta property=\"og:locale\" content=\"ca_ES\" \/>\n<meta property=\"og:type\" content=\"article\" \/>\n<meta property=\"og:title\" content=\"\u25b7La innovaci\u00f3 tamb\u00e9 necessita mem\u00f2ria - \u3010 Mireia Portero \u3011\" \/>\n<meta property=\"og:description\" content=\"Innovar s\u2019ha convertit en una de les paraules m\u00e9s repetides en educaci\u00f3. Cada curs arriben noves metodologies, eines digitals, projectes, recursos o tend\u00e8ncies que prometen transformar l\u2019aprenentatge. I \u00e9s positiu que l\u2019escola evolucioni, es q\u00fcestioni i busqui noves maneres de respondre a les necessitats de l\u2019alumnat. \u2713\" \/>\n<meta property=\"og:url\" content=\"https:\/\/www.mireiaportero.com\/ca\/metodologies-actives-abp-interdisciplinarietat-innovacio\/la-innovacio-tambe-necessita-memoria\/\" \/>\n<meta property=\"og:site_name\" content=\"Mireia Portero\" \/>\n<meta property=\"article:published_time\" content=\"2026-09-05T06:00:12+00:00\" \/>\n<meta property=\"article:modified_time\" content=\"2026-09-05T09:08:31+00:00\" \/>\n<meta property=\"og:image\" content=\"https:\/\/www.mireiaportero.com\/wp-content\/uploads\/2026\/07\/view-notebook-yellow-background-scaled.jpg\" \/>\n\t<meta property=\"og:image:width\" content=\"2560\" \/>\n\t<meta property=\"og:image:height\" content=\"1707\" \/>\n\t<meta property=\"og:image:type\" content=\"image\/jpeg\" \/>\n<meta name=\"author\" content=\"Mireia Portero\" \/>\n<meta name=\"twitter:card\" content=\"summary_large_image\" \/>\n<meta name=\"twitter:label1\" content=\"Escrit per\" \/>\n\t<meta name=\"twitter:data1\" content=\"Mireia Portero\" \/>\n\t<meta name=\"twitter:label2\" content=\"Temps estimat de lectura\" \/>\n\t<meta name=\"twitter:data2\" content=\"3 minuts\" \/>\n<script type=\"application\/ld+json\" class=\"yoast-schema-graph\">{\"@context\":\"https:\\\/\\\/schema.org\",\"@graph\":[{\"@type\":\"Article\",\"@id\":\"https:\\\/\\\/www.mireiaportero.com\\\/ca\\\/metodologies-actives-abp-interdisciplinarietat-innovacio\\\/la-innovacio-tambe-necessita-memoria\\\/#article\",\"isPartOf\":{\"@id\":\"https:\\\/\\\/www.mireiaportero.com\\\/ca\\\/metodologies-actives-abp-interdisciplinarietat-innovacio\\\/la-innovacio-tambe-necessita-memoria\\\/\"},\"author\":{\"name\":\"Mireia Portero\",\"@id\":\"https:\\\/\\\/www.mireiaportero.com\\\/ca\\\/#\\\/schema\\\/person\\\/d6e3835c0648fcdc0e66cd037bbab1e7\"},\"headline\":\"La innovaci\u00f3 tamb\u00e9 necessita mem\u00f2ria\",\"datePublished\":\"2026-09-05T06:00:12+00:00\",\"dateModified\":\"2026-09-05T09:08:31+00:00\",\"mainEntityOfPage\":{\"@id\":\"https:\\\/\\\/www.mireiaportero.com\\\/ca\\\/metodologies-actives-abp-interdisciplinarietat-innovacio\\\/la-innovacio-tambe-necessita-memoria\\\/\"},\"wordCount\":598,\"image\":{\"@id\":\"https:\\\/\\\/www.mireiaportero.com\\\/ca\\\/metodologies-actives-abp-interdisciplinarietat-innovacio\\\/la-innovacio-tambe-necessita-memoria\\\/#primaryimage\"},\"thumbnailUrl\":\"https:\\\/\\\/www.mireiaportero.com\\\/wp-content\\\/uploads\\\/2026\\\/07\\\/view-notebook-yellow-background-scaled.jpg\",\"articleSection\":[\"Metodologies actives (ABP, interdisciplinarietat, innovaci\u00f3)\"],\"inLanguage\":\"ca\"},{\"@type\":\"WebPage\",\"@id\":\"https:\\\/\\\/www.mireiaportero.com\\\/ca\\\/metodologies-actives-abp-interdisciplinarietat-innovacio\\\/la-innovacio-tambe-necessita-memoria\\\/\",\"url\":\"https:\\\/\\\/www.mireiaportero.com\\\/ca\\\/metodologies-actives-abp-interdisciplinarietat-innovacio\\\/la-innovacio-tambe-necessita-memoria\\\/\",\"name\":\"\u25b7La innovaci\u00f3 tamb\u00e9 necessita mem\u00f2ria - \u3010 Mireia Portero \u3011\",\"isPartOf\":{\"@id\":\"https:\\\/\\\/www.mireiaportero.com\\\/ca\\\/#website\"},\"primaryImageOfPage\":{\"@id\":\"https:\\\/\\\/www.mireiaportero.com\\\/ca\\\/metodologies-actives-abp-interdisciplinarietat-innovacio\\\/la-innovacio-tambe-necessita-memoria\\\/#primaryimage\"},\"image\":{\"@id\":\"https:\\\/\\\/www.mireiaportero.com\\\/ca\\\/metodologies-actives-abp-interdisciplinarietat-innovacio\\\/la-innovacio-tambe-necessita-memoria\\\/#primaryimage\"},\"thumbnailUrl\":\"https:\\\/\\\/www.mireiaportero.com\\\/wp-content\\\/uploads\\\/2026\\\/07\\\/view-notebook-yellow-background-scaled.jpg\",\"datePublished\":\"2026-09-05T06:00:12+00:00\",\"dateModified\":\"2026-09-05T09:08:31+00:00\",\"author\":{\"@id\":\"https:\\\/\\\/www.mireiaportero.com\\\/ca\\\/#\\\/schema\\\/person\\\/d6e3835c0648fcdc0e66cd037bbab1e7\"},\"description\":\"Innovar s\u2019ha convertit en una de les paraules m\u00e9s repetides en educaci\u00f3. Cada curs arriben noves metodologies, eines digitals, projectes, recursos o tend\u00e8ncies que prometen transformar l\u2019aprenentatge. I \u00e9s positiu que l\u2019escola evolucioni, es q\u00fcestioni i busqui noves maneres de respondre a les necessitats de l\u2019alumnat. \u2713\",\"breadcrumb\":{\"@id\":\"https:\\\/\\\/www.mireiaportero.com\\\/ca\\\/metodologies-actives-abp-interdisciplinarietat-innovacio\\\/la-innovacio-tambe-necessita-memoria\\\/#breadcrumb\"},\"inLanguage\":\"ca\",\"potentialAction\":[{\"@type\":\"ReadAction\",\"target\":[\"https:\\\/\\\/www.mireiaportero.com\\\/ca\\\/metodologies-actives-abp-interdisciplinarietat-innovacio\\\/la-innovacio-tambe-necessita-memoria\\\/\"]}]},{\"@type\":\"ImageObject\",\"inLanguage\":\"ca\",\"@id\":\"https:\\\/\\\/www.mireiaportero.com\\\/ca\\\/metodologies-actives-abp-interdisciplinarietat-innovacio\\\/la-innovacio-tambe-necessita-memoria\\\/#primaryimage\",\"url\":\"https:\\\/\\\/www.mireiaportero.com\\\/wp-content\\\/uploads\\\/2026\\\/07\\\/view-notebook-yellow-background-scaled.jpg\",\"contentUrl\":\"https:\\\/\\\/www.mireiaportero.com\\\/wp-content\\\/uploads\\\/2026\\\/07\\\/view-notebook-yellow-background-scaled.jpg\",\"width\":2560,\"height\":1707},{\"@type\":\"BreadcrumbList\",\"@id\":\"https:\\\/\\\/www.mireiaportero.com\\\/ca\\\/metodologies-actives-abp-interdisciplinarietat-innovacio\\\/la-innovacio-tambe-necessita-memoria\\\/#breadcrumb\",\"itemListElement\":[{\"@type\":\"ListItem\",\"position\":1,\"name\":\"Portada\",\"item\":\"https:\\\/\\\/www.mireiaportero.com\\\/ca\\\/mireia-porter\\\/\"},{\"@type\":\"ListItem\",\"position\":2,\"name\":\"La innovaci\u00f3 tamb\u00e9 necessita mem\u00f2ria\"}]},{\"@type\":\"WebSite\",\"@id\":\"https:\\\/\\\/www.mireiaportero.com\\\/ca\\\/#website\",\"url\":\"https:\\\/\\\/www.mireiaportero.com\\\/ca\\\/\",\"name\":\"Mireia Portero\",\"description\":\"Educaci\u00f3n con sentido, desde dentro.\",\"potentialAction\":[{\"@type\":\"SearchAction\",\"target\":{\"@type\":\"EntryPoint\",\"urlTemplate\":\"https:\\\/\\\/www.mireiaportero.com\\\/ca\\\/?s={search_term_string}\"},\"query-input\":{\"@type\":\"PropertyValueSpecification\",\"valueRequired\":true,\"valueName\":\"search_term_string\"}}],\"inLanguage\":\"ca\"},{\"@type\":\"Person\",\"@id\":\"https:\\\/\\\/www.mireiaportero.com\\\/ca\\\/#\\\/schema\\\/person\\\/d6e3835c0648fcdc0e66cd037bbab1e7\",\"name\":\"Mireia Portero\",\"image\":{\"@type\":\"ImageObject\",\"inLanguage\":\"ca\",\"@id\":\"https:\\\/\\\/secure.gravatar.com\\\/avatar\\\/41c54dfdf0f4a3b60e13563e2c9c507f315a96cd04c3efc26ca3810d7a8ed884?s=96&d=mm&r=g\",\"url\":\"https:\\\/\\\/secure.gravatar.com\\\/avatar\\\/41c54dfdf0f4a3b60e13563e2c9c507f315a96cd04c3efc26ca3810d7a8ed884?s=96&d=mm&r=g\",\"contentUrl\":\"https:\\\/\\\/secure.gravatar.com\\\/avatar\\\/41c54dfdf0f4a3b60e13563e2c9c507f315a96cd04c3efc26ca3810d7a8ed884?s=96&d=mm&r=g\",\"caption\":\"Mireia Portero\"},\"sameAs\":[\"https:\\\/\\\/www.mireiaportero.com\\\/\"]}]}<\/script>\n<!-- \/ Yoast SEO plugin. -->","yoast_head_json":{"title":"\u25b7La innovaci\u00f3 tamb\u00e9 necessita mem\u00f2ria - \u3010 Mireia Portero \u3011","description":"Innovar s\u2019ha convertit en una de les paraules m\u00e9s repetides en educaci\u00f3. Cada curs arriben noves metodologies, eines digitals, projectes, recursos o tend\u00e8ncies que prometen transformar l\u2019aprenentatge. I \u00e9s positiu que l\u2019escola evolucioni, es q\u00fcestioni i busqui noves maneres de respondre a les necessitats de l\u2019alumnat. \u2713","robots":{"index":"index","follow":"follow","max-snippet":"max-snippet:-1","max-image-preview":"max-image-preview:large","max-video-preview":"max-video-preview:-1"},"canonical":"https:\/\/www.mireiaportero.com\/ca\/metodologies-actives-abp-interdisciplinarietat-innovacio\/la-innovacio-tambe-necessita-memoria\/","og_locale":"ca_ES","og_type":"article","og_title":"\u25b7La innovaci\u00f3 tamb\u00e9 necessita mem\u00f2ria - \u3010 Mireia Portero \u3011","og_description":"Innovar s\u2019ha convertit en una de les paraules m\u00e9s repetides en educaci\u00f3. Cada curs arriben noves metodologies, eines digitals, projectes, recursos o tend\u00e8ncies que prometen transformar l\u2019aprenentatge. I \u00e9s positiu que l\u2019escola evolucioni, es q\u00fcestioni i busqui noves maneres de respondre a les necessitats de l\u2019alumnat. \u2713","og_url":"https:\/\/www.mireiaportero.com\/ca\/metodologies-actives-abp-interdisciplinarietat-innovacio\/la-innovacio-tambe-necessita-memoria\/","og_site_name":"Mireia Portero","article_published_time":"2026-09-05T06:00:12+00:00","article_modified_time":"2026-09-05T09:08:31+00:00","og_image":[{"width":2560,"height":1707,"url":"https:\/\/www.mireiaportero.com\/wp-content\/uploads\/2026\/07\/view-notebook-yellow-background-scaled.jpg","type":"image\/jpeg"}],"author":"Mireia Portero","twitter_card":"summary_large_image","twitter_misc":{"Escrit per":"Mireia Portero","Temps estimat de lectura":"3 minuts"},"schema":{"@context":"https:\/\/schema.org","@graph":[{"@type":"Article","@id":"https:\/\/www.mireiaportero.com\/ca\/metodologies-actives-abp-interdisciplinarietat-innovacio\/la-innovacio-tambe-necessita-memoria\/#article","isPartOf":{"@id":"https:\/\/www.mireiaportero.com\/ca\/metodologies-actives-abp-interdisciplinarietat-innovacio\/la-innovacio-tambe-necessita-memoria\/"},"author":{"name":"Mireia Portero","@id":"https:\/\/www.mireiaportero.com\/ca\/#\/schema\/person\/d6e3835c0648fcdc0e66cd037bbab1e7"},"headline":"La innovaci\u00f3 tamb\u00e9 necessita mem\u00f2ria","datePublished":"2026-09-05T06:00:12+00:00","dateModified":"2026-09-05T09:08:31+00:00","mainEntityOfPage":{"@id":"https:\/\/www.mireiaportero.com\/ca\/metodologies-actives-abp-interdisciplinarietat-innovacio\/la-innovacio-tambe-necessita-memoria\/"},"wordCount":598,"image":{"@id":"https:\/\/www.mireiaportero.com\/ca\/metodologies-actives-abp-interdisciplinarietat-innovacio\/la-innovacio-tambe-necessita-memoria\/#primaryimage"},"thumbnailUrl":"https:\/\/www.mireiaportero.com\/wp-content\/uploads\/2026\/07\/view-notebook-yellow-background-scaled.jpg","articleSection":["Metodologies actives (ABP, interdisciplinarietat, innovaci\u00f3)"],"inLanguage":"ca"},{"@type":"WebPage","@id":"https:\/\/www.mireiaportero.com\/ca\/metodologies-actives-abp-interdisciplinarietat-innovacio\/la-innovacio-tambe-necessita-memoria\/","url":"https:\/\/www.mireiaportero.com\/ca\/metodologies-actives-abp-interdisciplinarietat-innovacio\/la-innovacio-tambe-necessita-memoria\/","name":"\u25b7La innovaci\u00f3 tamb\u00e9 necessita mem\u00f2ria - \u3010 Mireia Portero \u3011","isPartOf":{"@id":"https:\/\/www.mireiaportero.com\/ca\/#website"},"primaryImageOfPage":{"@id":"https:\/\/www.mireiaportero.com\/ca\/metodologies-actives-abp-interdisciplinarietat-innovacio\/la-innovacio-tambe-necessita-memoria\/#primaryimage"},"image":{"@id":"https:\/\/www.mireiaportero.com\/ca\/metodologies-actives-abp-interdisciplinarietat-innovacio\/la-innovacio-tambe-necessita-memoria\/#primaryimage"},"thumbnailUrl":"https:\/\/www.mireiaportero.com\/wp-content\/uploads\/2026\/07\/view-notebook-yellow-background-scaled.jpg","datePublished":"2026-09-05T06:00:12+00:00","dateModified":"2026-09-05T09:08:31+00:00","author":{"@id":"https:\/\/www.mireiaportero.com\/ca\/#\/schema\/person\/d6e3835c0648fcdc0e66cd037bbab1e7"},"description":"Innovar s\u2019ha convertit en una de les paraules m\u00e9s repetides en educaci\u00f3. Cada curs arriben noves metodologies, eines digitals, projectes, recursos o tend\u00e8ncies que prometen transformar l\u2019aprenentatge. I \u00e9s positiu que l\u2019escola evolucioni, es q\u00fcestioni i busqui noves maneres de respondre a les necessitats de l\u2019alumnat. \u2713","breadcrumb":{"@id":"https:\/\/www.mireiaportero.com\/ca\/metodologies-actives-abp-interdisciplinarietat-innovacio\/la-innovacio-tambe-necessita-memoria\/#breadcrumb"},"inLanguage":"ca","potentialAction":[{"@type":"ReadAction","target":["https:\/\/www.mireiaportero.com\/ca\/metodologies-actives-abp-interdisciplinarietat-innovacio\/la-innovacio-tambe-necessita-memoria\/"]}]},{"@type":"ImageObject","inLanguage":"ca","@id":"https:\/\/www.mireiaportero.com\/ca\/metodologies-actives-abp-interdisciplinarietat-innovacio\/la-innovacio-tambe-necessita-memoria\/#primaryimage","url":"https:\/\/www.mireiaportero.com\/wp-content\/uploads\/2026\/07\/view-notebook-yellow-background-scaled.jpg","contentUrl":"https:\/\/www.mireiaportero.com\/wp-content\/uploads\/2026\/07\/view-notebook-yellow-background-scaled.jpg","width":2560,"height":1707},{"@type":"BreadcrumbList","@id":"https:\/\/www.mireiaportero.com\/ca\/metodologies-actives-abp-interdisciplinarietat-innovacio\/la-innovacio-tambe-necessita-memoria\/#breadcrumb","itemListElement":[{"@type":"ListItem","position":1,"name":"Portada","item":"https:\/\/www.mireiaportero.com\/ca\/mireia-porter\/"},{"@type":"ListItem","position":2,"name":"La innovaci\u00f3 tamb\u00e9 necessita mem\u00f2ria"}]},{"@type":"WebSite","@id":"https:\/\/www.mireiaportero.com\/ca\/#website","url":"https:\/\/www.mireiaportero.com\/ca\/","name":"Mireia Portero","description":"Educaci\u00f3n con sentido, desde dentro.","potentialAction":[{"@type":"SearchAction","target":{"@type":"EntryPoint","urlTemplate":"https:\/\/www.mireiaportero.com\/ca\/?s={search_term_string}"},"query-input":{"@type":"PropertyValueSpecification","valueRequired":true,"valueName":"search_term_string"}}],"inLanguage":"ca"},{"@type":"Person","@id":"https:\/\/www.mireiaportero.com\/ca\/#\/schema\/person\/d6e3835c0648fcdc0e66cd037bbab1e7","name":"Mireia Portero","image":{"@type":"ImageObject","inLanguage":"ca","@id":"https:\/\/secure.gravatar.com\/avatar\/41c54dfdf0f4a3b60e13563e2c9c507f315a96cd04c3efc26ca3810d7a8ed884?s=96&d=mm&r=g","url":"https:\/\/secure.gravatar.com\/avatar\/41c54dfdf0f4a3b60e13563e2c9c507f315a96cd04c3efc26ca3810d7a8ed884?s=96&d=mm&r=g","contentUrl":"https:\/\/secure.gravatar.com\/avatar\/41c54dfdf0f4a3b60e13563e2c9c507f315a96cd04c3efc26ca3810d7a8ed884?s=96&d=mm&r=g","caption":"Mireia Portero"},"sameAs":["https:\/\/www.mireiaportero.com\/"]}]}},"_links":{"self":[{"href":"https:\/\/www.mireiaportero.com\/ca\/wp-json\/wp\/v2\/posts\/4444","targetHints":{"allow":["GET"]}}],"collection":[{"href":"https:\/\/www.mireiaportero.com\/ca\/wp-json\/wp\/v2\/posts"}],"about":[{"href":"https:\/\/www.mireiaportero.com\/ca\/wp-json\/wp\/v2\/types\/post"}],"author":[{"embeddable":true,"href":"https:\/\/www.mireiaportero.com\/ca\/wp-json\/wp\/v2\/users\/4"}],"replies":[{"embeddable":true,"href":"https:\/\/www.mireiaportero.com\/ca\/wp-json\/wp\/v2\/comments?post=4444"}],"version-history":[{"count":2,"href":"https:\/\/www.mireiaportero.com\/ca\/wp-json\/wp\/v2\/posts\/4444\/revisions"}],"predecessor-version":[{"id":5086,"href":"https:\/\/www.mireiaportero.com\/ca\/wp-json\/wp\/v2\/posts\/4444\/revisions\/5086"}],"wp:featuredmedia":[{"embeddable":true,"href":"https:\/\/www.mireiaportero.com\/ca\/wp-json\/wp\/v2\/media\/4445"}],"wp:attachment":[{"href":"https:\/\/www.mireiaportero.com\/ca\/wp-json\/wp\/v2\/media?parent=4444"}],"wp:term":[{"taxonomy":"category","embeddable":true,"href":"https:\/\/www.mireiaportero.com\/ca\/wp-json\/wp\/v2\/categories?post=4444"},{"taxonomy":"post_tag","embeddable":true,"href":"https:\/\/www.mireiaportero.com\/ca\/wp-json\/wp\/v2\/tags?post=4444"}],"curies":[{"name":"wp","href":"https:\/\/api.w.org\/{rel}","templated":true}]}}